{"id":1041,"date":"2020-11-20T00:51:00","date_gmt":"2020-11-20T00:51:00","guid":{"rendered":"https:\/\/www.fundacionadecose.com\/?p=1041"},"modified":"2021-03-04T09:21:25","modified_gmt":"2021-03-04T09:21:25","slug":"adecose-celebra-su-tradicional-mesa-de-renovaciones-con-los-lideres-de-aig-axa-xl-generali-aon-reinsurance-iberia-y-guy-carpenter","status":"publish","type":"post","link":"https:\/\/www.fundacionadecose.com\/ca\/adecose-celebra-su-tradicional-mesa-de-renovaciones-con-los-lideres-de-aig-axa-xl-generali-aon-reinsurance-iberia-y-guy-carpenter\/","title":{"rendered":"ADECOSE celebra su tradicional Mesa de Renovaciones con los l\u00edderes de AIG, AXA XL, Generali, Aon Reinsurance Iberia y Guy Carpenter"},"content":{"rendered":"\n<p class=\"has-text-align-center\"><em>Benedetta Cossarini, General Manager Iberia de AIG; Jos\u00e9 Ram\u00f3n Morales, Country Leader Iberia de AXA XL; Santiago Villa, CEO de Generali; Alfonso Valera, CEO de Aon Reinsurance Iberia y Presidente de ASECORE; y Artur Re\u00f1\u00e9, Managing Director de Guy Carpenter han intercambiado opiniones sobre c\u00f3mo est\u00e1n enfocando sus compa\u00f1\u00edas y corredur\u00edas la pol\u00edtica de renovaciones.<\/em><\/p>\n\n\n\n<p>ADECOSE ha celebrado de forma virtual su tradicional Mesa Redonda sobre la pol\u00edtica de renovaciones, moderada por el presidente de ADECOSE, Mart\u00edn Navaz, que ha contado con la participaci\u00f3n de los l\u00edderes de tres de las principales de compa\u00f1\u00edas de seguros en Espa\u00f1a y dos corredur\u00edas de reaseguros. Benedetta Cossarini, General Manager Iberia de <strong>AIG<\/strong>; Jos\u00e9 Ram\u00f3n Morales, Country Leader Iberia de <strong>AXA XL<\/strong>; Santiago Villa, CEO de <strong>Generali<\/strong>; Alfonso Valera, CEO de <strong>Aon Reinsurance<\/strong><strong>Iberia<\/strong> y Presidente de ASECORE; y Artur Re\u00f1\u00e9, Managing Director de <strong>Guy Carpenter<\/strong> han intercambiado opiniones sobre c\u00f3mo est\u00e1n enfocando su pol\u00edtica de renovaciones.<\/p>\n\n\n\n<p>En primer lugar, los l\u00edderes de las tres aseguradoras han hecho <strong>balance de la situaci\u00f3n<\/strong> a la que se han enfrentado sus compa\u00f1\u00edas durante este a\u00f1o. <strong>Cossarini<\/strong> destaca el aumento del <strong>endurecimiento del mercado<\/strong>, propiciado por las cat\u00e1strofes naturales, la incertidumbre por la crisis econ\u00f3mica y las movilizaciones sociales. Todo esto, seg\u00fan ha explicado Cossarini, \u201cest\u00e1 provocando un aumento a dos d\u00edgitos de media de las tasas en todos los ramos y la reducci\u00f3n de capacidad, siendo m\u00e1s estables los de accidentes y medioambiente; y los m\u00e1s afectados, los ramos de D&amp;O, Cyber, Cr\u00e9dito, RC y Da\u00f1os.<\/p>\n\n\n\n<p>Por su parte, <strong>Morales<\/strong> a\u00f1ade que durante 2020 las compa\u00f1\u00edas tambi\u00e9n se han visto perjudicadas por el <strong>aumento de los costes de los reaseguros y la recesi\u00f3n econ\u00f3mica<\/strong> que afecta a sus clientes. A ello, explica, \u201cel mercado en general debe a\u00f1adir la factura del Covid-19 para las aseguradoras de empresas\u201d. Todo esto, concluye Morales, hace que las aseguradoras tengan que subir tasas, reducir coberturas y manejar mejor sus capacidades.<\/p>\n\n\n\n<p>Por su parte, <strong>Santiago Villa<\/strong> indica que la reducci\u00f3n de capacidades en el mercado podr\u00eda generar que algunas aseguradoras pudiesen adoptar una tendencia alcista en l\u00edneas relacionadas con el negocio industrial y <em>corporate<\/em>. Por el contrario, en los seguros individuales el mercado mantiene un muy <strong>elevado nivel de competitividad<\/strong>. En este contexto, el <strong>principal reto<\/strong> para el profesional de la mediaci\u00f3n ser\u00e1 el asesoramiento y la cercan\u00eda al cliente: \u201cen 2021, el conocimiento de las necesidades, la atenci\u00f3n personalizada y la empat\u00eda se van a convertir en elementos fundamentales en la relaci\u00f3n con el cliente\u201d, concluye Villa.<\/p>\n\n\n\n<p>Por otro lado, Alfonso Valera y Artur Re\u00f1\u00e9 han aportado la visi\u00f3n del <strong>reaseguro<\/strong>. Valera destaca los dos fen\u00f3menos adicionales est\u00e1n tensionando a las reaseguradoras: la <strong>menor capacidad y encarecimiento de la retrocesi\u00f3n, y el efecto Covid-19<\/strong>. \u201cEste a\u00f1o el <strong>Covid-19<\/strong><strong>suma<\/strong><strong>10 puntos de siniestralidad<\/strong> a la ratio combinada del reaseguro, fundamentalmente en da\u00f1os materiales relacionados con la p\u00e9rdida de beneficios, seguros de cancelaci\u00f3n y ramos mar\u00edtimos\u201d. Esta situaci\u00f3n ha propiciado que <strong>la cuenta de resultados <\/strong>de las reaseguradoras y el <strong>retorno sobre el capital<\/strong> del sector reasegurador sea <strong>negativo<\/strong>.<\/p>\n\n\n\n<p><strong>Re\u00f1\u00e9<\/strong>, por su parte, ha evidenciado con cifras este balance negativo: \u201cEl impacto que est\u00e1 suponiendo el Covid-19 para las reaseguradoras es de una media de <strong>63.000 millones de d\u00f3lares de estimaci\u00f3n<\/strong>, lo que supone aproximadamente un 10% del capital que tienen los operadores en la industria del reaseguro\u201d. Al cierre del primer semestre <strong>los operadores ya han reportado 28.000 millones de d\u00f3lares debido al Covid-19<\/strong>. Esta situaci\u00f3n, a la que hay que sumar lo declarado por cat\u00e1strofes, obliga al reaseguro a tomar medidas de suscripci\u00f3n para recuperar los m\u00e1rgenes que se requieren y endurecer las condiciones en aquellas l\u00edneas de negocio que hayan sido m\u00e1s perjudicadas, como la de da\u00f1os.<\/p>\n\n\n\n<p>Por otra parte, los ponentes han abordado la <strong>previsi\u00f3n del sector <\/strong>para futuros escenarios de pandemia. <strong>Santiago Villa apela a una colaboraci\u00f3n p\u00fablico-privada<\/strong>: \u201cSi no nos dotamos con un marco similar al que ya disponemos del <strong>Consorcio <\/strong><strong>de Compensaci\u00f3n de Seguros<\/strong> de una manera complementaria al seguro privado, es imposible concebir una prima para un evento que afecta pr\u00e1cticamente al 100% de la sociedad en un mismo momento\u201d.<\/p>\n\n\n\n<p>Por su parte, <strong>Jos\u00e9 Ram\u00f3n Morales<\/strong> apunta a que las situaciones de pandemia y de endurecimiento del mercado, <strong>\u201cson el momento del corredor y del suscriptor\u201d<\/strong>, ya que el corredor debe ser creativo y buscar alternativas que respalden las necesidades concretas de cada cliente mientras se estabilizan las restricciones presupuestarias.<\/p>\n\n\n\n<p><strong>Benedetta <\/strong><strong>Cossarini<\/strong> fija el objetivo en los <strong>procesos de preparaci\u00f3n y anticipaci\u00f3n<\/strong> para aumentar la flexibilidad y capacidad de adaptaci\u00f3n de las compa\u00f1\u00edas. En este sentido, el corredor debe adquirir un papel de asesoramiento y ayuda a los clientes mediante el an\u00e1lisis de los riesgos y b\u00fasqueda de soluciones.<\/p>\n\n\n\n<p>En cuanto al reaseguro, <strong>Alfonso Valera<\/strong> aboga por continuar dando <strong>cobertura a los clientes<\/strong>, a pesar de la enorme dificultad t\u00e9cnica que supone para las aseguradoras. Reivindica que, a diferencia de la gesti\u00f3n actual, las instituciones que lideren el proyecto en Espa\u00f1a en crisis futuras deben contar con la opini\u00f3n del reaseguro.<\/p>\n\n\n\n<p><strong>Artur Re\u00f1\u00e9<\/strong>, por \u00faltimo, augura <strong>nuevos retos<\/strong> para el sector, como el seguro de ciberriesgos, en el que prev\u00e9 importantes crisis derivadas de ataques cibern\u00e9ticos que podr\u00edan generar un siniestro igual de grave o m\u00e1s que el que ha generado la pandemia. Para ello, concluye \u201ctenemos que empezar a ofrecer coberturas amplias y asequibles para estar preparados para cuando llegue esta crisis\u201d.<\/p>\n\n\n\n<p>Por \u00faltimo, tambi\u00e9n han abordado <strong>el papel de la digitalizaci\u00f3n<\/strong>, en el que entra en juego el <strong>blockchain<\/strong> para aumentar la eficiencia del sector y reducir costes; y la adaptaci\u00f3n de la <strong>inteligencia artificial<\/strong> para mejorar la calidad del servicio y la experiencia del cliente y la del empleado. Adem\u00e1s, establecen como reto principal para las corredur\u00edas la implementaci\u00f3n de herramientas digitales y de modelos de gesti\u00f3n online que no difiera en el valor diferencial de profesional de las corredur\u00edas.<\/p>\n\n\n\n<p>Por \u00faltimo, <strong>Mart\u00edn Navaz<\/strong>, presidente de ADECOSE, anunci\u00f3 los avances de la Asociaci\u00f3n en la <strong>realizaci\u00f3n de un informe sobre el Covid-19<\/strong>, en el marco de la comisi\u00f3n creada por la Asociaci\u00f3n este a\u00f1o para analizar los efectos de la pandemia en el sector. Asimismo, destac\u00f3 el estrecho seguimiento de la evoluci\u00f3n de esta cuesti\u00f3n en los pa\u00edses de nuestro entorno en el seno de la Federaci\u00f3n Europea de Intermediarios de Seguros (BIPAR), que preside Juan Ram\u00f3n Pl\u00e1. Mart\u00edn Navaz anim\u00f3 tambi\u00e9n a los ponentes a realizar una reflexi\u00f3n de forma conjunta con UNESPA, DGFSP y corredores para buscar soluciones sectoriales en beneficio de todos.<\/p>\n","protected":false},"excerpt":{"rendered":"<p>Benedetta Cossarini, General Manager Iberia de AIG; Jos\u00e9 Ram\u00f3n Morales, Country Leader Iberia de AXA XL; Santiago Villa, CEO de Generali; Alfonso Valera, CEO de Aon Reinsurance Iberia y Presidente&#8230;<\/p>\n","protected":false},"author":1,"featured_media":1111,"comment_status":"closed","ping_status":"open","sticky":false,"template":"","format":"standard","meta":{"footnotes":""},"categories":[5],"tags":[],"class_list":{"0":"post-1041","1":"post","2":"type-post","3":"status-publish","4":"format-standard","5":"has-post-thumbnail","7":"category-notas-de-prensa"},"yoast_head":"<!-- This site is optimized with the Yoast SEO plugin v27.2 - https:\/\/yoast.com\/product\/yoast-seo-wordpress\/ -->\n<title>ADECOSE celebra su tradicional Mesa de Renovaciones con los l\u00edderes de AIG, AXA XL, Generali, Aon Reinsurance Iberia y Guy Carpenter | Fundaci\u00f3n Adecose<\/title>\n<meta name=\"robots\" content=\"index, follow, max-snippet:-1, max-image-preview:large, max-video-preview:-1\" \/>\n<link rel=\"canonical\" href=\"https:\/\/www.fundacionadecose.com\/ca\/adecose-celebra-su-tradicional-mesa-de-renovaciones-con-los-lideres-de-aig-axa-xl-generali-aon-reinsurance-iberia-y-guy-carpenter\/\" \/>\n<meta property=\"og:locale\" content=\"ca_ES\" \/>\n<meta property=\"og:type\" content=\"article\" \/>\n<meta property=\"og:title\" content=\"ADECOSE celebra su tradicional Mesa de Renovaciones con los l\u00edderes de AIG, AXA XL, Generali, Aon Reinsurance Iberia y Guy Carpenter | Fundaci\u00f3n Adecose\" \/>\n<meta property=\"og:description\" content=\"Benedetta Cossarini, General Manager Iberia de AIG; Jos\u00e9 Ram\u00f3n Morales, Country Leader Iberia de AXA XL; Santiago Villa, CEO de Generali; Alfonso Valera, CEO de Aon Reinsurance Iberia y Presidente...\" \/>\n<meta property=\"og:url\" content=\"https:\/\/www.fundacionadecose.com\/ca\/adecose-celebra-su-tradicional-mesa-de-renovaciones-con-los-lideres-de-aig-axa-xl-generali-aon-reinsurance-iberia-y-guy-carpenter\/\" \/>\n<meta property=\"og:site_name\" content=\"Fundaci\u00f3n Adecose\" \/>\n<meta property=\"article:published_time\" content=\"2020-11-20T00:51:00+00:00\" \/>\n<meta property=\"article:modified_time\" content=\"2021-03-04T09:21:25+00:00\" \/>\n<meta property=\"og:image\" content=\"https:\/\/www.fundacionadecose.com\/wp-content\/uploads\/2021\/03\/12-noviembre_Mesa-renovaciones.jpg\" \/>\n\t<meta property=\"og:image:width\" content=\"800\" \/>\n\t<meta property=\"og:image:height\" content=\"450\" \/>\n\t<meta property=\"og:image:type\" content=\"image\/jpeg\" \/>\n<meta name=\"author\" content=\"uw4d3cosdmin\" \/>\n<meta name=\"twitter:card\" content=\"summary_large_image\" \/>\n<meta name=\"twitter:label1\" content=\"Escrit per\" \/>\n\t<meta name=\"twitter:data1\" content=\"uw4d3cosdmin\" \/>\n\t<meta name=\"twitter:label2\" content=\"Temps estimat de lectura\" \/>\n\t<meta name=\"twitter:data2\" content=\"6 minuts\" \/>\n<script type=\"application\/ld+json\" class=\"yoast-schema-graph\">{\"@context\":\"https:\/\/schema.org\",\"@graph\":[{\"@type\":\"Article\",\"@id\":\"https:\/\/www.fundacionadecose.com\/ca\/adecose-celebra-su-tradicional-mesa-de-renovaciones-con-los-lideres-de-aig-axa-xl-generali-aon-reinsurance-iberia-y-guy-carpenter\/#article\",\"isPartOf\":{\"@id\":\"https:\/\/www.fundacionadecose.com\/ca\/adecose-celebra-su-tradicional-mesa-de-renovaciones-con-los-lideres-de-aig-axa-xl-generali-aon-reinsurance-iberia-y-guy-carpenter\/\"},\"author\":{\"name\":\"uw4d3cosdmin\",\"@id\":\"https:\/\/www.fundacionadecose.com\/ca\/#\/schema\/person\/0b47ee5f1c41b21805945b1e51cba59e\"},\"headline\":\"ADECOSE celebra su tradicional Mesa de Renovaciones con los l\u00edderes de AIG, AXA XL, Generali, Aon Reinsurance Iberia y Guy Carpenter\",\"datePublished\":\"2020-11-20T00:51:00+00:00\",\"dateModified\":\"2021-03-04T09:21:25+00:00\",\"mainEntityOfPage\":{\"@id\":\"https:\/\/www.fundacionadecose.com\/ca\/adecose-celebra-su-tradicional-mesa-de-renovaciones-con-los-lideres-de-aig-axa-xl-generali-aon-reinsurance-iberia-y-guy-carpenter\/\"},\"wordCount\":1208,\"publisher\":{\"@id\":\"https:\/\/www.fundacionadecose.com\/ca\/#organization\"},\"image\":{\"@id\":\"https:\/\/www.fundacionadecose.com\/ca\/adecose-celebra-su-tradicional-mesa-de-renovaciones-con-los-lideres-de-aig-axa-xl-generali-aon-reinsurance-iberia-y-guy-carpenter\/#primaryimage\"},\"thumbnailUrl\":\"https:\/\/www.fundacionadecose.com\/wp-content\/uploads\/2021\/03\/12-noviembre_Mesa-renovaciones.jpg\",\"articleSection\":[\"Nota de prensa\"],\"inLanguage\":\"ca\"},{\"@type\":\"WebPage\",\"@id\":\"https:\/\/www.fundacionadecose.com\/ca\/adecose-celebra-su-tradicional-mesa-de-renovaciones-con-los-lideres-de-aig-axa-xl-generali-aon-reinsurance-iberia-y-guy-carpenter\/\",\"url\":\"https:\/\/www.fundacionadecose.com\/ca\/adecose-celebra-su-tradicional-mesa-de-renovaciones-con-los-lideres-de-aig-axa-xl-generali-aon-reinsurance-iberia-y-guy-carpenter\/\",\"name\":\"ADECOSE celebra su tradicional Mesa de Renovaciones con los l\u00edderes de AIG, AXA XL, Generali, Aon Reinsurance Iberia y Guy Carpenter | Fundaci\u00f3n Adecose\",\"isPartOf\":{\"@id\":\"https:\/\/www.fundacionadecose.com\/ca\/#website\"},\"primaryImageOfPage\":{\"@id\":\"https:\/\/www.fundacionadecose.com\/ca\/adecose-celebra-su-tradicional-mesa-de-renovaciones-con-los-lideres-de-aig-axa-xl-generali-aon-reinsurance-iberia-y-guy-carpenter\/#primaryimage\"},\"image\":{\"@id\":\"https:\/\/www.fundacionadecose.com\/ca\/adecose-celebra-su-tradicional-mesa-de-renovaciones-con-los-lideres-de-aig-axa-xl-generali-aon-reinsurance-iberia-y-guy-carpenter\/#primaryimage\"},\"thumbnailUrl\":\"https:\/\/www.fundacionadecose.com\/wp-content\/uploads\/2021\/03\/12-noviembre_Mesa-renovaciones.jpg\",\"datePublished\":\"2020-11-20T00:51:00+00:00\",\"dateModified\":\"2021-03-04T09:21:25+00:00\",\"breadcrumb\":{\"@id\":\"https:\/\/www.fundacionadecose.com\/ca\/adecose-celebra-su-tradicional-mesa-de-renovaciones-con-los-lideres-de-aig-axa-xl-generali-aon-reinsurance-iberia-y-guy-carpenter\/#breadcrumb\"},\"inLanguage\":\"ca\",\"potentialAction\":[{\"@type\":\"ReadAction\",\"target\":[\"https:\/\/www.fundacionadecose.com\/ca\/adecose-celebra-su-tradicional-mesa-de-renovaciones-con-los-lideres-de-aig-axa-xl-generali-aon-reinsurance-iberia-y-guy-carpenter\/\"]}]},{\"@type\":\"ImageObject\",\"inLanguage\":\"ca\",\"@id\":\"https:\/\/www.fundacionadecose.com\/ca\/adecose-celebra-su-tradicional-mesa-de-renovaciones-con-los-lideres-de-aig-axa-xl-generali-aon-reinsurance-iberia-y-guy-carpenter\/#primaryimage\",\"url\":\"https:\/\/www.fundacionadecose.com\/wp-content\/uploads\/2021\/03\/12-noviembre_Mesa-renovaciones.jpg\",\"contentUrl\":\"https:\/\/www.fundacionadecose.com\/wp-content\/uploads\/2021\/03\/12-noviembre_Mesa-renovaciones.jpg\",\"width\":800,\"height\":450},{\"@type\":\"BreadcrumbList\",\"@id\":\"https:\/\/www.fundacionadecose.com\/ca\/adecose-celebra-su-tradicional-mesa-de-renovaciones-con-los-lideres-de-aig-axa-xl-generali-aon-reinsurance-iberia-y-guy-carpenter\/#breadcrumb\",\"itemListElement\":[{\"@type\":\"ListItem\",\"position\":1,\"name\":\"Portada\",\"item\":\"https:\/\/www.fundacionadecose.com\/ca\/\"},{\"@type\":\"ListItem\",\"position\":2,\"name\":\"ADECOSE celebra su tradicional Mesa de Renovaciones con los l\u00edderes de AIG, AXA XL, Generali, Aon Reinsurance Iberia y Guy Carpenter\"}]},{\"@type\":\"WebSite\",\"@id\":\"https:\/\/www.fundacionadecose.com\/ca\/#website\",\"url\":\"https:\/\/www.fundacionadecose.com\/ca\/\",\"name\":\"Fundaci\u00f3n Adecose\",\"description\":\"Donde comienzan los proyectos\",\"publisher\":{\"@id\":\"https:\/\/www.fundacionadecose.com\/ca\/#organization\"},\"potentialAction\":[{\"@type\":\"SearchAction\",\"target\":{\"@type\":\"EntryPoint\",\"urlTemplate\":\"https:\/\/www.fundacionadecose.com\/ca\/?s={search_term_string}\"},\"query-input\":{\"@type\":\"PropertyValueSpecification\",\"valueRequired\":true,\"valueName\":\"search_term_string\"}}],\"inLanguage\":\"ca\"},{\"@type\":\"Organization\",\"@id\":\"https:\/\/www.fundacionadecose.com\/ca\/#organization\",\"name\":\"Fundaci\u00f3n ADECOSE\",\"url\":\"https:\/\/www.fundacionadecose.com\/ca\/\",\"logo\":{\"@type\":\"ImageObject\",\"inLanguage\":\"ca\",\"@id\":\"https:\/\/www.fundacionadecose.com\/ca\/#\/schema\/logo\/image\/\",\"url\":\"https:\/\/www.fundacionadecose.com\/wp-content\/uploads\/2021\/02\/logo-footer.png\",\"contentUrl\":\"https:\/\/www.fundacionadecose.com\/wp-content\/uploads\/2021\/02\/logo-footer.png\",\"width\":309,\"height\":143,\"caption\":\"Fundaci\u00f3n ADECOSE\"},\"image\":{\"@id\":\"https:\/\/www.fundacionadecose.com\/ca\/#\/schema\/logo\/image\/\"}},{\"@type\":\"Person\",\"@id\":\"https:\/\/www.fundacionadecose.com\/ca\/#\/schema\/person\/0b47ee5f1c41b21805945b1e51cba59e\",\"name\":\"uw4d3cosdmin\",\"image\":{\"@type\":\"ImageObject\",\"inLanguage\":\"ca\",\"@id\":\"https:\/\/secure.gravatar.com\/avatar\/4d269c0422ede8020b662b2a7c92fe3589cf157170bfe62aed8c14f99414a863?s=96&d=mm&r=g\",\"url\":\"https:\/\/secure.gravatar.com\/avatar\/4d269c0422ede8020b662b2a7c92fe3589cf157170bfe62aed8c14f99414a863?s=96&d=mm&r=g\",\"contentUrl\":\"https:\/\/secure.gravatar.com\/avatar\/4d269c0422ede8020b662b2a7c92fe3589cf157170bfe62aed8c14f99414a863?s=96&d=mm&r=g\",\"caption\":\"uw4d3cosdmin\"},\"sameAs\":[\"https:\/\/fundacionadecose.com\"]}]}<\/script>\n<!-- \/ Yoast SEO plugin. -->","yoast_head_json":{"title":"ADECOSE celebra su tradicional Mesa de Renovaciones con los l\u00edderes de AIG, AXA XL, Generali, Aon Reinsurance Iberia y Guy Carpenter | Fundaci\u00f3n Adecose","robots":{"index":"index","follow":"follow","max-snippet":"max-snippet:-1","max-image-preview":"max-image-preview:large","max-video-preview":"max-video-preview:-1"},"canonical":"https:\/\/www.fundacionadecose.com\/ca\/adecose-celebra-su-tradicional-mesa-de-renovaciones-con-los-lideres-de-aig-axa-xl-generali-aon-reinsurance-iberia-y-guy-carpenter\/","og_locale":"ca_ES","og_type":"article","og_title":"ADECOSE celebra su tradicional Mesa de Renovaciones con los l\u00edderes de AIG, AXA XL, Generali, Aon Reinsurance Iberia y Guy Carpenter | Fundaci\u00f3n Adecose","og_description":"Benedetta Cossarini, General Manager Iberia de AIG; Jos\u00e9 Ram\u00f3n Morales, Country Leader Iberia de AXA XL; Santiago Villa, CEO de Generali; Alfonso Valera, CEO de Aon Reinsurance Iberia y Presidente...","og_url":"https:\/\/www.fundacionadecose.com\/ca\/adecose-celebra-su-tradicional-mesa-de-renovaciones-con-los-lideres-de-aig-axa-xl-generali-aon-reinsurance-iberia-y-guy-carpenter\/","og_site_name":"Fundaci\u00f3n Adecose","article_published_time":"2020-11-20T00:51:00+00:00","article_modified_time":"2021-03-04T09:21:25+00:00","og_image":[{"width":800,"height":450,"url":"https:\/\/www.fundacionadecose.com\/wp-content\/uploads\/2021\/03\/12-noviembre_Mesa-renovaciones.jpg","type":"image\/jpeg"}],"author":"uw4d3cosdmin","twitter_card":"summary_large_image","twitter_misc":{"Escrit per":"uw4d3cosdmin","Temps estimat de lectura":"6 minuts"},"schema":{"@context":"https:\/\/schema.org","@graph":[{"@type":"Article","@id":"https:\/\/www.fundacionadecose.com\/ca\/adecose-celebra-su-tradicional-mesa-de-renovaciones-con-los-lideres-de-aig-axa-xl-generali-aon-reinsurance-iberia-y-guy-carpenter\/#article","isPartOf":{"@id":"https:\/\/www.fundacionadecose.com\/ca\/adecose-celebra-su-tradicional-mesa-de-renovaciones-con-los-lideres-de-aig-axa-xl-generali-aon-reinsurance-iberia-y-guy-carpenter\/"},"author":{"name":"uw4d3cosdmin","@id":"https:\/\/www.fundacionadecose.com\/ca\/#\/schema\/person\/0b47ee5f1c41b21805945b1e51cba59e"},"headline":"ADECOSE celebra su tradicional Mesa de Renovaciones con los l\u00edderes de AIG, AXA XL, Generali, Aon Reinsurance Iberia y Guy Carpenter","datePublished":"2020-11-20T00:51:00+00:00","dateModified":"2021-03-04T09:21:25+00:00","mainEntityOfPage":{"@id":"https:\/\/www.fundacionadecose.com\/ca\/adecose-celebra-su-tradicional-mesa-de-renovaciones-con-los-lideres-de-aig-axa-xl-generali-aon-reinsurance-iberia-y-guy-carpenter\/"},"wordCount":1208,"publisher":{"@id":"https:\/\/www.fundacionadecose.com\/ca\/#organization"},"image":{"@id":"https:\/\/www.fundacionadecose.com\/ca\/adecose-celebra-su-tradicional-mesa-de-renovaciones-con-los-lideres-de-aig-axa-xl-generali-aon-reinsurance-iberia-y-guy-carpenter\/#primaryimage"},"thumbnailUrl":"https:\/\/www.fundacionadecose.com\/wp-content\/uploads\/2021\/03\/12-noviembre_Mesa-renovaciones.jpg","articleSection":["Nota de prensa"],"inLanguage":"ca"},{"@type":"WebPage","@id":"https:\/\/www.fundacionadecose.com\/ca\/adecose-celebra-su-tradicional-mesa-de-renovaciones-con-los-lideres-de-aig-axa-xl-generali-aon-reinsurance-iberia-y-guy-carpenter\/","url":"https:\/\/www.fundacionadecose.com\/ca\/adecose-celebra-su-tradicional-mesa-de-renovaciones-con-los-lideres-de-aig-axa-xl-generali-aon-reinsurance-iberia-y-guy-carpenter\/","name":"ADECOSE celebra su tradicional Mesa de Renovaciones con los l\u00edderes de AIG, AXA XL, Generali, Aon Reinsurance Iberia y Guy Carpenter | Fundaci\u00f3n Adecose","isPartOf":{"@id":"https:\/\/www.fundacionadecose.com\/ca\/#website"},"primaryImageOfPage":{"@id":"https:\/\/www.fundacionadecose.com\/ca\/adecose-celebra-su-tradicional-mesa-de-renovaciones-con-los-lideres-de-aig-axa-xl-generali-aon-reinsurance-iberia-y-guy-carpenter\/#primaryimage"},"image":{"@id":"https:\/\/www.fundacionadecose.com\/ca\/adecose-celebra-su-tradicional-mesa-de-renovaciones-con-los-lideres-de-aig-axa-xl-generali-aon-reinsurance-iberia-y-guy-carpenter\/#primaryimage"},"thumbnailUrl":"https:\/\/www.fundacionadecose.com\/wp-content\/uploads\/2021\/03\/12-noviembre_Mesa-renovaciones.jpg","datePublished":"2020-11-20T00:51:00+00:00","dateModified":"2021-03-04T09:21:25+00:00","breadcrumb":{"@id":"https:\/\/www.fundacionadecose.com\/ca\/adecose-celebra-su-tradicional-mesa-de-renovaciones-con-los-lideres-de-aig-axa-xl-generali-aon-reinsurance-iberia-y-guy-carpenter\/#breadcrumb"},"inLanguage":"ca","potentialAction":[{"@type":"ReadAction","target":["https:\/\/www.fundacionadecose.com\/ca\/adecose-celebra-su-tradicional-mesa-de-renovaciones-con-los-lideres-de-aig-axa-xl-generali-aon-reinsurance-iberia-y-guy-carpenter\/"]}]},{"@type":"ImageObject","inLanguage":"ca","@id":"https:\/\/www.fundacionadecose.com\/ca\/adecose-celebra-su-tradicional-mesa-de-renovaciones-con-los-lideres-de-aig-axa-xl-generali-aon-reinsurance-iberia-y-guy-carpenter\/#primaryimage","url":"https:\/\/www.fundacionadecose.com\/wp-content\/uploads\/2021\/03\/12-noviembre_Mesa-renovaciones.jpg","contentUrl":"https:\/\/www.fundacionadecose.com\/wp-content\/uploads\/2021\/03\/12-noviembre_Mesa-renovaciones.jpg","width":800,"height":450},{"@type":"BreadcrumbList","@id":"https:\/\/www.fundacionadecose.com\/ca\/adecose-celebra-su-tradicional-mesa-de-renovaciones-con-los-lideres-de-aig-axa-xl-generali-aon-reinsurance-iberia-y-guy-carpenter\/#breadcrumb","itemListElement":[{"@type":"ListItem","position":1,"name":"Portada","item":"https:\/\/www.fundacionadecose.com\/ca\/"},{"@type":"ListItem","position":2,"name":"ADECOSE celebra su tradicional Mesa de Renovaciones con los l\u00edderes de AIG, AXA XL, Generali, Aon Reinsurance Iberia y Guy Carpenter"}]},{"@type":"WebSite","@id":"https:\/\/www.fundacionadecose.com\/ca\/#website","url":"https:\/\/www.fundacionadecose.com\/ca\/","name":"Fundaci\u00f3n Adecose","description":"Donde comienzan los proyectos","publisher":{"@id":"https:\/\/www.fundacionadecose.com\/ca\/#organization"},"potentialAction":[{"@type":"SearchAction","target":{"@type":"EntryPoint","urlTemplate":"https:\/\/www.fundacionadecose.com\/ca\/?s={search_term_string}"},"query-input":{"@type":"PropertyValueSpecification","valueRequired":true,"valueName":"search_term_string"}}],"inLanguage":"ca"},{"@type":"Organization","@id":"https:\/\/www.fundacionadecose.com\/ca\/#organization","name":"Fundaci\u00f3n ADECOSE","url":"https:\/\/www.fundacionadecose.com\/ca\/","logo":{"@type":"ImageObject","inLanguage":"ca","@id":"https:\/\/www.fundacionadecose.com\/ca\/#\/schema\/logo\/image\/","url":"https:\/\/www.fundacionadecose.com\/wp-content\/uploads\/2021\/02\/logo-footer.png","contentUrl":"https:\/\/www.fundacionadecose.com\/wp-content\/uploads\/2021\/02\/logo-footer.png","width":309,"height":143,"caption":"Fundaci\u00f3n ADECOSE"},"image":{"@id":"https:\/\/www.fundacionadecose.com\/ca\/#\/schema\/logo\/image\/"}},{"@type":"Person","@id":"https:\/\/www.fundacionadecose.com\/ca\/#\/schema\/person\/0b47ee5f1c41b21805945b1e51cba59e","name":"uw4d3cosdmin","image":{"@type":"ImageObject","inLanguage":"ca","@id":"https:\/\/secure.gravatar.com\/avatar\/4d269c0422ede8020b662b2a7c92fe3589cf157170bfe62aed8c14f99414a863?s=96&d=mm&r=g","url":"https:\/\/secure.gravatar.com\/avatar\/4d269c0422ede8020b662b2a7c92fe3589cf157170bfe62aed8c14f99414a863?s=96&d=mm&r=g","contentUrl":"https:\/\/secure.gravatar.com\/avatar\/4d269c0422ede8020b662b2a7c92fe3589cf157170bfe62aed8c14f99414a863?s=96&d=mm&r=g","caption":"uw4d3cosdmin"},"sameAs":["https:\/\/fundacionadecose.com"]}]}},"_links":{"self":[{"href":"https:\/\/www.fundacionadecose.com\/ca\/wp-json\/wp\/v2\/posts\/1041","targetHints":{"allow":["GET"]}}],"collection":[{"href":"https:\/\/www.fundacionadecose.com\/ca\/wp-json\/wp\/v2\/posts"}],"about":[{"href":"https:\/\/www.fundacionadecose.com\/ca\/wp-json\/wp\/v2\/types\/post"}],"author":[{"embeddable":true,"href":"https:\/\/www.fundacionadecose.com\/ca\/wp-json\/wp\/v2\/users\/1"}],"replies":[{"embeddable":true,"href":"https:\/\/www.fundacionadecose.com\/ca\/wp-json\/wp\/v2\/comments?post=1041"}],"version-history":[{"count":2,"href":"https:\/\/www.fundacionadecose.com\/ca\/wp-json\/wp\/v2\/posts\/1041\/revisions"}],"predecessor-version":[{"id":1043,"href":"https:\/\/www.fundacionadecose.com\/ca\/wp-json\/wp\/v2\/posts\/1041\/revisions\/1043"}],"wp:featuredmedia":[{"embeddable":true,"href":"https:\/\/www.fundacionadecose.com\/ca\/wp-json\/wp\/v2\/media\/1111"}],"wp:attachment":[{"href":"https:\/\/www.fundacionadecose.com\/ca\/wp-json\/wp\/v2\/media?parent=1041"}],"wp:term":[{"taxonomy":"category","embeddable":true,"href":"https:\/\/www.fundacionadecose.com\/ca\/wp-json\/wp\/v2\/categories?post=1041"},{"taxonomy":"post_tag","embeddable":true,"href":"https:\/\/www.fundacionadecose.com\/ca\/wp-json\/wp\/v2\/tags?post=1041"}],"curies":[{"name":"wp","href":"https:\/\/api.w.org\/{rel}","templated":true}]}}