{"id":4787,"date":"2023-07-20T12:02:03","date_gmt":"2023-07-20T12:02:03","guid":{"rendered":"https:\/\/www.fundacionadecose.com\/?p=4787"},"modified":"2023-07-20T12:02:03","modified_gmt":"2023-07-20T12:02:03","slug":"el-ies-entrega-los-premios-aula-magna-2023-a-la-excelencia-en-la-formacion-aseguradora","status":"publish","type":"post","link":"https:\/\/www.fundacionadecose.com\/ca\/el-ies-entrega-los-premios-aula-magna-2023-a-la-excelencia-en-la-formacion-aseguradora\/","title":{"rendered":"El IES entrega los \u201cPremios Aula Magna 2023\u201d a la excelencia en la formaci\u00f3n aseguradora\u201d"},"content":{"rendered":"[vc_row type=&#8221;in_container&#8221; full_screen_row_position=&#8221;middle&#8221; column_margin=&#8221;default&#8221; column_direction=&#8221;default&#8221; column_direction_tablet=&#8221;default&#8221; column_direction_phone=&#8221;default&#8221; scene_position=&#8221;center&#8221; text_color=&#8221;dark&#8221; text_align=&#8221;left&#8221; row_border_radius=&#8221;none&#8221; row_border_radius_applies=&#8221;bg&#8221; overflow=&#8221;visible&#8221; overlay_strength=&#8221;0.3&#8243; gradient_direction=&#8221;left_to_right&#8221; shape_divider_position=&#8221;bottom&#8221; bg_image_animation=&#8221;none&#8221;][vc_column column_padding=&#8221;no-extra-padding&#8221; column_padding_tablet=&#8221;inherit&#8221; column_padding_phone=&#8221;inherit&#8221; column_padding_position=&#8221;all&#8221; column_element_spacing=&#8221;default&#8221; background_color_opacity=&#8221;1&#8243; background_hover_color_opacity=&#8221;1&#8243; column_shadow=&#8221;none&#8221; column_border_radius=&#8221;none&#8221; column_link_target=&#8221;_self&#8221; column_position=&#8221;default&#8221; gradient_direction=&#8221;left_to_right&#8221; overlay_strength=&#8221;0.3&#8243; width=&#8221;1\/1&#8243; tablet_width_inherit=&#8221;default&#8221; tablet_text_alignment=&#8221;default&#8221; phone_text_alignment=&#8221;default&#8221; animation_type=&#8221;default&#8221; bg_image_animation=&#8221;none&#8221; border_type=&#8221;simple&#8221; column_border_width=&#8221;none&#8221; column_border_style=&#8221;solid&#8221;][vc_column_text]\n<ul>\n<li><em><strong>Fundaci\u00f3n ADECOSE, el CRN de Fuencarral y Mar\u00eda Eugenia L\u00edbano, los galardonados<\/strong><\/em><\/li>\n<\/ul>\n<p>El pasado 7 de julio se emiti\u00f3, como acto final del <strong>AULA DE VERANO<\/strong> del Instituto e-Learning del Seguro (IES), la entrega de los\u00a0<strong><a href=\"https:\/\/www.iedelseguro.com\/premios-aula-magna\/\">Premios \u201cAula Magna 2023\u201d<\/a>,<\/strong>\u00a0galardones en el \u00e1mbito de la formaci\u00f3n aseguradora que tienen car\u00e1cter anual y que reconocen la excelencia en la formaci\u00f3n aseguradora.<\/p>\n<p>Los galardones fueron entregados por el director del Instituto e-Learning del Seguro, D. Jorge Campos. El premio a D\u00f1a. <strong>Maria Eugenia L\u00edbano Balsebre<\/strong> se entreg\u00f3 en la sede del IES, mientras que el premio a la Fundaci\u00f3n ADECOSE, que recogi\u00f3 D. Mart\u00edn Navaz, presidente de la <strong>Fundaci\u00f3n y de la Asociaci\u00f3n ADECOSE<\/strong>, se entreg\u00f3 en la sede que la Fundaci\u00f3n tiene en Madrid y el premio al Centro de Formaci\u00f3n Profesional para el Empleo en Administraci\u00f3n, Seguros y Finanzas, que fue recogido por su directora, D\u00f1a. Concepci\u00f3n de Diego Zamarro,\u00a0 se entreg\u00f3 en las instalaciones del CRN en Fuencarral.<\/p>\n<p>Ya se pueden ver los v\u00eddeos del acto de entrega de cada uno de los premios en los siguientes enlaces:<\/p>\n<ul>\n<li>Premio \u201cAula Magna 2023\u201d a la iniciativa de formaci\u00f3n o educaci\u00f3n destacada en el \u00e1mbito asegurador:<\/li>\n<\/ul>\n<p><strong><a href=\"https:\/\/youtu.be\/da288qF8t3g\">Fundaci\u00f3n ADECOSE: \u201cPrograma de Desarrollo Directivo (PDD)\u201d<\/a><\/strong><\/p>\n<ul>\n<li>Premio \u201cAula Magna 2023\u201d al Centro de Formaci\u00f3n o Instituci\u00f3n de referencia por su labor docente o de apoyo y fomento permanente de la formaci\u00f3n en el sector asegurador:<\/li>\n<\/ul>\n<p><strong><a href=\"https:\/\/www.youtube.com\/watch?v=HSpbSmHIlIA\">Centro de Formaci\u00f3n Profesional para el Empleo en Administraci\u00f3n, Seguros y Finanzas \u2013 Centro de Referencia Nacional en Administraci\u00f3n, Seguros y Finanzas (Fuencarral)<\/a><\/strong><\/p>\n<ul>\n<li>Premio \u201cAula Magna 2023\u201d a toda una trayectoria profesional como formador\/a en el \u00e1mbito asegurador<strong>:<\/strong><\/li>\n<\/ul>\n<p><strong><a href=\"https:\/\/youtu.be\/N0-DB6oKcms\">D\u00f1a. Maria Eugenia L\u00edbano Balsebre<\/a><\/strong>[\/vc_column_text][\/vc_column][\/vc_row]\n","protected":false},"excerpt":{"rendered":"<p>[vc_row type=&#8221;in_container&#8221; full_screen_row_position=&#8221;middle&#8221; column_margin=&#8221;default&#8221; column_direction=&#8221;default&#8221; column_direction_tablet=&#8221;default&#8221; column_direction_phone=&#8221;default&#8221; scene_position=&#8221;center&#8221; text_color=&#8221;dark&#8221; text_align=&#8221;left&#8221; row_border_radius=&#8221;none&#8221; row_border_radius_applies=&#8221;bg&#8221; overflow=&#8221;visible&#8221; overlay_strength=&#8221;0.3&#8243; gradient_direction=&#8221;left_to_right&#8221; shape_divider_position=&#8221;bottom&#8221; bg_image_animation=&#8221;none&#8221;][vc_column column_padding=&#8221;no-extra-padding&#8221; column_padding_tablet=&#8221;inherit&#8221; column_padding_phone=&#8221;inherit&#8221; column_padding_position=&#8221;all&#8221; column_element_spacing=&#8221;default&#8221; background_color_opacity=&#8221;1&#8243; background_hover_color_opacity=&#8221;1&#8243; column_shadow=&#8221;none&#8221; column_border_radius=&#8221;none&#8221; column_link_target=&#8221;_self&#8221; column_position=&#8221;default&#8221; gradient_direction=&#8221;left_to_right&#8221; overlay_strength=&#8221;0.3&#8243;&#8230;<\/p>\n","protected":false},"author":186,"featured_media":4788,"comment_status":"closed","ping_status":"open","sticky":false,"template":"","format":"standard","meta":{"footnotes":""},"categories":[5],"tags":[15,121,88],"class_list":{"0":"post-4787","1":"post","2":"type-post","3":"status-publish","4":"format-standard","5":"has-post-thumbnail","7":"category-notas-de-prensa","8":"tag-formacion","9":"tag-fundacion-adecose","10":"tag-pdd"},"yoast_head":"<!-- This site is optimized with the Yoast SEO plugin v27.2 - https:\/\/yoast.com\/product\/yoast-seo-wordpress\/ -->\n<title>El IES entrega los \u201cPremios Aula Magna 2023\u201d a la excelencia en la formaci\u00f3n aseguradora\u201d | Fundaci\u00f3n Adecose<\/title>\n<meta name=\"robots\" content=\"index, follow, max-snippet:-1, max-image-preview:large, max-video-preview:-1\" \/>\n<link rel=\"canonical\" href=\"https:\/\/www.fundacionadecose.com\/ca\/el-ies-entrega-los-premios-aula-magna-2023-a-la-excelencia-en-la-formacion-aseguradora\/\" \/>\n<meta property=\"og:locale\" content=\"ca_ES\" \/>\n<meta property=\"og:type\" content=\"article\" \/>\n<meta property=\"og:title\" content=\"El IES entrega los \u201cPremios Aula Magna 2023\u201d a la excelencia en la formaci\u00f3n aseguradora\u201d | Fundaci\u00f3n Adecose\" \/>\n<meta property=\"og:description\" content=\"[vc_row type=&#8221;in_container&#8221; full_screen_row_position=&#8221;middle&#8221; column_margin=&#8221;default&#8221; column_direction=&#8221;default&#8221; column_direction_tablet=&#8221;default&#8221; column_direction_phone=&#8221;default&#8221; scene_position=&#8221;center&#8221; text_color=&#8221;dark&#8221; text_align=&#8221;left&#8221; row_border_radius=&#8221;none&#8221; row_border_radius_applies=&#8221;bg&#8221; overflow=&#8221;visible&#8221; overlay_strength=&#8221;0.3&#8243; gradient_direction=&#8221;left_to_right&#8221; shape_divider_position=&#8221;bottom&#8221; bg_image_animation=&#8221;none&#8221;][vc_column column_padding=&#8221;no-extra-padding&#8221; column_padding_tablet=&#8221;inherit&#8221; column_padding_phone=&#8221;inherit&#8221; column_padding_position=&#8221;all&#8221; column_element_spacing=&#8221;default&#8221; background_color_opacity=&#8221;1&#8243; background_hover_color_opacity=&#8221;1&#8243; column_shadow=&#8221;none&#8221; column_border_radius=&#8221;none&#8221; column_link_target=&#8221;_self&#8221; column_position=&#8221;default&#8221; gradient_direction=&#8221;left_to_right&#8221; overlay_strength=&#8221;0.3&#8243;...\" \/>\n<meta property=\"og:url\" content=\"https:\/\/www.fundacionadecose.com\/ca\/el-ies-entrega-los-premios-aula-magna-2023-a-la-excelencia-en-la-formacion-aseguradora\/\" \/>\n<meta property=\"og:site_name\" content=\"Fundaci\u00f3n Adecose\" \/>\n<meta property=\"article:published_time\" content=\"2023-07-20T12:02:03+00:00\" \/>\n<meta property=\"og:image\" content=\"https:\/\/www.fundacionadecose.com\/wp-content\/uploads\/2023\/07\/Para-noticia-2.jpeg\" \/>\n\t<meta property=\"og:image:width\" content=\"1280\" \/>\n\t<meta property=\"og:image:height\" content=\"720\" \/>\n\t<meta property=\"og:image:type\" content=\"image\/jpeg\" \/>\n<meta name=\"author\" content=\"Comunicaci\u00f3n ADECOSE\" \/>\n<meta name=\"twitter:card\" content=\"summary_large_image\" \/>\n<meta name=\"twitter:label1\" content=\"Escrit per\" \/>\n\t<meta name=\"twitter:data1\" content=\"Comunicaci\u00f3n ADECOSE\" \/>\n\t<meta name=\"twitter:label2\" content=\"Temps estimat de lectura\" \/>\n\t<meta name=\"twitter:data2\" content=\"2 minuts\" \/>\n<script type=\"application\/ld+json\" class=\"yoast-schema-graph\">{\"@context\":\"https:\/\/schema.org\",\"@graph\":[{\"@type\":\"Article\",\"@id\":\"https:\/\/www.fundacionadecose.com\/ca\/el-ies-entrega-los-premios-aula-magna-2023-a-la-excelencia-en-la-formacion-aseguradora\/#article\",\"isPartOf\":{\"@id\":\"https:\/\/www.fundacionadecose.com\/ca\/el-ies-entrega-los-premios-aula-magna-2023-a-la-excelencia-en-la-formacion-aseguradora\/\"},\"author\":{\"name\":\"Comunicaci\u00f3n ADECOSE\",\"@id\":\"https:\/\/www.fundacionadecose.com\/ca\/#\/schema\/person\/543929658b5f339807ced364e905c8e7\"},\"headline\":\"El IES entrega los \u201cPremios Aula Magna 2023\u201d a la excelencia en la formaci\u00f3n aseguradora\u201d\",\"datePublished\":\"2023-07-20T12:02:03+00:00\",\"mainEntityOfPage\":{\"@id\":\"https:\/\/www.fundacionadecose.com\/ca\/el-ies-entrega-los-premios-aula-magna-2023-a-la-excelencia-en-la-formacion-aseguradora\/\"},\"wordCount\":463,\"publisher\":{\"@id\":\"https:\/\/www.fundacionadecose.com\/ca\/#organization\"},\"image\":{\"@id\":\"https:\/\/www.fundacionadecose.com\/ca\/el-ies-entrega-los-premios-aula-magna-2023-a-la-excelencia-en-la-formacion-aseguradora\/#primaryimage\"},\"thumbnailUrl\":\"https:\/\/www.fundacionadecose.com\/wp-content\/uploads\/2023\/07\/Para-noticia-2.jpeg\",\"keywords\":[\"Formaci\u00f3n\",\"Fundaci\u00f3n ADECOSE\",\"PDD\"],\"articleSection\":[\"Nota de prensa\"],\"inLanguage\":\"ca\"},{\"@type\":\"WebPage\",\"@id\":\"https:\/\/www.fundacionadecose.com\/ca\/el-ies-entrega-los-premios-aula-magna-2023-a-la-excelencia-en-la-formacion-aseguradora\/\",\"url\":\"https:\/\/www.fundacionadecose.com\/ca\/el-ies-entrega-los-premios-aula-magna-2023-a-la-excelencia-en-la-formacion-aseguradora\/\",\"name\":\"El IES entrega los \u201cPremios Aula Magna 2023\u201d a la excelencia en la formaci\u00f3n aseguradora\u201d | Fundaci\u00f3n Adecose\",\"isPartOf\":{\"@id\":\"https:\/\/www.fundacionadecose.com\/ca\/#website\"},\"primaryImageOfPage\":{\"@id\":\"https:\/\/www.fundacionadecose.com\/ca\/el-ies-entrega-los-premios-aula-magna-2023-a-la-excelencia-en-la-formacion-aseguradora\/#primaryimage\"},\"image\":{\"@id\":\"https:\/\/www.fundacionadecose.com\/ca\/el-ies-entrega-los-premios-aula-magna-2023-a-la-excelencia-en-la-formacion-aseguradora\/#primaryimage\"},\"thumbnailUrl\":\"https:\/\/www.fundacionadecose.com\/wp-content\/uploads\/2023\/07\/Para-noticia-2.jpeg\",\"datePublished\":\"2023-07-20T12:02:03+00:00\",\"breadcrumb\":{\"@id\":\"https:\/\/www.fundacionadecose.com\/ca\/el-ies-entrega-los-premios-aula-magna-2023-a-la-excelencia-en-la-formacion-aseguradora\/#breadcrumb\"},\"inLanguage\":\"ca\",\"potentialAction\":[{\"@type\":\"ReadAction\",\"target\":[\"https:\/\/www.fundacionadecose.com\/ca\/el-ies-entrega-los-premios-aula-magna-2023-a-la-excelencia-en-la-formacion-aseguradora\/\"]}]},{\"@type\":\"ImageObject\",\"inLanguage\":\"ca\",\"@id\":\"https:\/\/www.fundacionadecose.com\/ca\/el-ies-entrega-los-premios-aula-magna-2023-a-la-excelencia-en-la-formacion-aseguradora\/#primaryimage\",\"url\":\"https:\/\/www.fundacionadecose.com\/wp-content\/uploads\/2023\/07\/Para-noticia-2.jpeg\",\"contentUrl\":\"https:\/\/www.fundacionadecose.com\/wp-content\/uploads\/2023\/07\/Para-noticia-2.jpeg\",\"width\":1280,\"height\":720},{\"@type\":\"BreadcrumbList\",\"@id\":\"https:\/\/www.fundacionadecose.com\/ca\/el-ies-entrega-los-premios-aula-magna-2023-a-la-excelencia-en-la-formacion-aseguradora\/#breadcrumb\",\"itemListElement\":[{\"@type\":\"ListItem\",\"position\":1,\"name\":\"Portada\",\"item\":\"https:\/\/www.fundacionadecose.com\/ca\/\"},{\"@type\":\"ListItem\",\"position\":2,\"name\":\"El IES entrega los \u201cPremios Aula Magna 2023\u201d a la excelencia en la formaci\u00f3n aseguradora\u201d\"}]},{\"@type\":\"WebSite\",\"@id\":\"https:\/\/www.fundacionadecose.com\/ca\/#website\",\"url\":\"https:\/\/www.fundacionadecose.com\/ca\/\",\"name\":\"Fundaci\u00f3n Adecose\",\"description\":\"Donde comienzan los proyectos\",\"publisher\":{\"@id\":\"https:\/\/www.fundacionadecose.com\/ca\/#organization\"},\"potentialAction\":[{\"@type\":\"SearchAction\",\"target\":{\"@type\":\"EntryPoint\",\"urlTemplate\":\"https:\/\/www.fundacionadecose.com\/ca\/?s={search_term_string}\"},\"query-input\":{\"@type\":\"PropertyValueSpecification\",\"valueRequired\":true,\"valueName\":\"search_term_string\"}}],\"inLanguage\":\"ca\"},{\"@type\":\"Organization\",\"@id\":\"https:\/\/www.fundacionadecose.com\/ca\/#organization\",\"name\":\"Fundaci\u00f3n ADECOSE\",\"url\":\"https:\/\/www.fundacionadecose.com\/ca\/\",\"logo\":{\"@type\":\"ImageObject\",\"inLanguage\":\"ca\",\"@id\":\"https:\/\/www.fundacionadecose.com\/ca\/#\/schema\/logo\/image\/\",\"url\":\"https:\/\/www.fundacionadecose.com\/wp-content\/uploads\/2021\/02\/logo-footer.png\",\"contentUrl\":\"https:\/\/www.fundacionadecose.com\/wp-content\/uploads\/2021\/02\/logo-footer.png\",\"width\":309,\"height\":143,\"caption\":\"Fundaci\u00f3n ADECOSE\"},\"image\":{\"@id\":\"https:\/\/www.fundacionadecose.com\/ca\/#\/schema\/logo\/image\/\"}},{\"@type\":\"Person\",\"@id\":\"https:\/\/www.fundacionadecose.com\/ca\/#\/schema\/person\/543929658b5f339807ced364e905c8e7\",\"name\":\"Comunicaci\u00f3n ADECOSE\",\"image\":{\"@type\":\"ImageObject\",\"inLanguage\":\"ca\",\"@id\":\"https:\/\/secure.gravatar.com\/avatar\/01cd1f9571997441bf1da6d1cc147351305f03fe8f2acf1ebbec60ebb26924ce?s=96&d=mm&r=g\",\"url\":\"https:\/\/secure.gravatar.com\/avatar\/01cd1f9571997441bf1da6d1cc147351305f03fe8f2acf1ebbec60ebb26924ce?s=96&d=mm&r=g\",\"contentUrl\":\"https:\/\/secure.gravatar.com\/avatar\/01cd1f9571997441bf1da6d1cc147351305f03fe8f2acf1ebbec60ebb26924ce?s=96&d=mm&r=g\",\"caption\":\"Comunicaci\u00f3n ADECOSE\"}}]}<\/script>\n<!-- \/ Yoast SEO plugin. -->","yoast_head_json":{"title":"El IES entrega los \u201cPremios Aula Magna 2023\u201d a la excelencia en la formaci\u00f3n aseguradora\u201d | Fundaci\u00f3n Adecose","robots":{"index":"index","follow":"follow","max-snippet":"max-snippet:-1","max-image-preview":"max-image-preview:large","max-video-preview":"max-video-preview:-1"},"canonical":"https:\/\/www.fundacionadecose.com\/ca\/el-ies-entrega-los-premios-aula-magna-2023-a-la-excelencia-en-la-formacion-aseguradora\/","og_locale":"ca_ES","og_type":"article","og_title":"El IES entrega los \u201cPremios Aula Magna 2023\u201d a la excelencia en la formaci\u00f3n aseguradora\u201d | Fundaci\u00f3n Adecose","og_description":"[vc_row type=&#8221;in_container&#8221; full_screen_row_position=&#8221;middle&#8221; column_margin=&#8221;default&#8221; column_direction=&#8221;default&#8221; column_direction_tablet=&#8221;default&#8221; column_direction_phone=&#8221;default&#8221; scene_position=&#8221;center&#8221; text_color=&#8221;dark&#8221; text_align=&#8221;left&#8221; row_border_radius=&#8221;none&#8221; row_border_radius_applies=&#8221;bg&#8221; overflow=&#8221;visible&#8221; overlay_strength=&#8221;0.3&#8243; gradient_direction=&#8221;left_to_right&#8221; shape_divider_position=&#8221;bottom&#8221; bg_image_animation=&#8221;none&#8221;][vc_column column_padding=&#8221;no-extra-padding&#8221; column_padding_tablet=&#8221;inherit&#8221; column_padding_phone=&#8221;inherit&#8221; column_padding_position=&#8221;all&#8221; column_element_spacing=&#8221;default&#8221; background_color_opacity=&#8221;1&#8243; background_hover_color_opacity=&#8221;1&#8243; column_shadow=&#8221;none&#8221; column_border_radius=&#8221;none&#8221; column_link_target=&#8221;_self&#8221; column_position=&#8221;default&#8221; gradient_direction=&#8221;left_to_right&#8221; overlay_strength=&#8221;0.3&#8243;...","og_url":"https:\/\/www.fundacionadecose.com\/ca\/el-ies-entrega-los-premios-aula-magna-2023-a-la-excelencia-en-la-formacion-aseguradora\/","og_site_name":"Fundaci\u00f3n Adecose","article_published_time":"2023-07-20T12:02:03+00:00","og_image":[{"width":1280,"height":720,"url":"https:\/\/www.fundacionadecose.com\/wp-content\/uploads\/2023\/07\/Para-noticia-2.jpeg","type":"image\/jpeg"}],"author":"Comunicaci\u00f3n ADECOSE","twitter_card":"summary_large_image","twitter_misc":{"Escrit per":"Comunicaci\u00f3n ADECOSE","Temps estimat de lectura":"2 minuts"},"schema":{"@context":"https:\/\/schema.org","@graph":[{"@type":"Article","@id":"https:\/\/www.fundacionadecose.com\/ca\/el-ies-entrega-los-premios-aula-magna-2023-a-la-excelencia-en-la-formacion-aseguradora\/#article","isPartOf":{"@id":"https:\/\/www.fundacionadecose.com\/ca\/el-ies-entrega-los-premios-aula-magna-2023-a-la-excelencia-en-la-formacion-aseguradora\/"},"author":{"name":"Comunicaci\u00f3n ADECOSE","@id":"https:\/\/www.fundacionadecose.com\/ca\/#\/schema\/person\/543929658b5f339807ced364e905c8e7"},"headline":"El IES entrega los \u201cPremios Aula Magna 2023\u201d a la excelencia en la formaci\u00f3n aseguradora\u201d","datePublished":"2023-07-20T12:02:03+00:00","mainEntityOfPage":{"@id":"https:\/\/www.fundacionadecose.com\/ca\/el-ies-entrega-los-premios-aula-magna-2023-a-la-excelencia-en-la-formacion-aseguradora\/"},"wordCount":463,"publisher":{"@id":"https:\/\/www.fundacionadecose.com\/ca\/#organization"},"image":{"@id":"https:\/\/www.fundacionadecose.com\/ca\/el-ies-entrega-los-premios-aula-magna-2023-a-la-excelencia-en-la-formacion-aseguradora\/#primaryimage"},"thumbnailUrl":"https:\/\/www.fundacionadecose.com\/wp-content\/uploads\/2023\/07\/Para-noticia-2.jpeg","keywords":["Formaci\u00f3n","Fundaci\u00f3n ADECOSE","PDD"],"articleSection":["Nota de prensa"],"inLanguage":"ca"},{"@type":"WebPage","@id":"https:\/\/www.fundacionadecose.com\/ca\/el-ies-entrega-los-premios-aula-magna-2023-a-la-excelencia-en-la-formacion-aseguradora\/","url":"https:\/\/www.fundacionadecose.com\/ca\/el-ies-entrega-los-premios-aula-magna-2023-a-la-excelencia-en-la-formacion-aseguradora\/","name":"El IES entrega los \u201cPremios Aula Magna 2023\u201d a la excelencia en la formaci\u00f3n aseguradora\u201d | Fundaci\u00f3n Adecose","isPartOf":{"@id":"https:\/\/www.fundacionadecose.com\/ca\/#website"},"primaryImageOfPage":{"@id":"https:\/\/www.fundacionadecose.com\/ca\/el-ies-entrega-los-premios-aula-magna-2023-a-la-excelencia-en-la-formacion-aseguradora\/#primaryimage"},"image":{"@id":"https:\/\/www.fundacionadecose.com\/ca\/el-ies-entrega-los-premios-aula-magna-2023-a-la-excelencia-en-la-formacion-aseguradora\/#primaryimage"},"thumbnailUrl":"https:\/\/www.fundacionadecose.com\/wp-content\/uploads\/2023\/07\/Para-noticia-2.jpeg","datePublished":"2023-07-20T12:02:03+00:00","breadcrumb":{"@id":"https:\/\/www.fundacionadecose.com\/ca\/el-ies-entrega-los-premios-aula-magna-2023-a-la-excelencia-en-la-formacion-aseguradora\/#breadcrumb"},"inLanguage":"ca","potentialAction":[{"@type":"ReadAction","target":["https:\/\/www.fundacionadecose.com\/ca\/el-ies-entrega-los-premios-aula-magna-2023-a-la-excelencia-en-la-formacion-aseguradora\/"]}]},{"@type":"ImageObject","inLanguage":"ca","@id":"https:\/\/www.fundacionadecose.com\/ca\/el-ies-entrega-los-premios-aula-magna-2023-a-la-excelencia-en-la-formacion-aseguradora\/#primaryimage","url":"https:\/\/www.fundacionadecose.com\/wp-content\/uploads\/2023\/07\/Para-noticia-2.jpeg","contentUrl":"https:\/\/www.fundacionadecose.com\/wp-content\/uploads\/2023\/07\/Para-noticia-2.jpeg","width":1280,"height":720},{"@type":"BreadcrumbList","@id":"https:\/\/www.fundacionadecose.com\/ca\/el-ies-entrega-los-premios-aula-magna-2023-a-la-excelencia-en-la-formacion-aseguradora\/#breadcrumb","itemListElement":[{"@type":"ListItem","position":1,"name":"Portada","item":"https:\/\/www.fundacionadecose.com\/ca\/"},{"@type":"ListItem","position":2,"name":"El IES entrega los \u201cPremios Aula Magna 2023\u201d a la excelencia en la formaci\u00f3n aseguradora\u201d"}]},{"@type":"WebSite","@id":"https:\/\/www.fundacionadecose.com\/ca\/#website","url":"https:\/\/www.fundacionadecose.com\/ca\/","name":"Fundaci\u00f3n Adecose","description":"Donde comienzan los proyectos","publisher":{"@id":"https:\/\/www.fundacionadecose.com\/ca\/#organization"},"potentialAction":[{"@type":"SearchAction","target":{"@type":"EntryPoint","urlTemplate":"https:\/\/www.fundacionadecose.com\/ca\/?s={search_term_string}"},"query-input":{"@type":"PropertyValueSpecification","valueRequired":true,"valueName":"search_term_string"}}],"inLanguage":"ca"},{"@type":"Organization","@id":"https:\/\/www.fundacionadecose.com\/ca\/#organization","name":"Fundaci\u00f3n ADECOSE","url":"https:\/\/www.fundacionadecose.com\/ca\/","logo":{"@type":"ImageObject","inLanguage":"ca","@id":"https:\/\/www.fundacionadecose.com\/ca\/#\/schema\/logo\/image\/","url":"https:\/\/www.fundacionadecose.com\/wp-content\/uploads\/2021\/02\/logo-footer.png","contentUrl":"https:\/\/www.fundacionadecose.com\/wp-content\/uploads\/2021\/02\/logo-footer.png","width":309,"height":143,"caption":"Fundaci\u00f3n ADECOSE"},"image":{"@id":"https:\/\/www.fundacionadecose.com\/ca\/#\/schema\/logo\/image\/"}},{"@type":"Person","@id":"https:\/\/www.fundacionadecose.com\/ca\/#\/schema\/person\/543929658b5f339807ced364e905c8e7","name":"Comunicaci\u00f3n ADECOSE","image":{"@type":"ImageObject","inLanguage":"ca","@id":"https:\/\/secure.gravatar.com\/avatar\/01cd1f9571997441bf1da6d1cc147351305f03fe8f2acf1ebbec60ebb26924ce?s=96&d=mm&r=g","url":"https:\/\/secure.gravatar.com\/avatar\/01cd1f9571997441bf1da6d1cc147351305f03fe8f2acf1ebbec60ebb26924ce?s=96&d=mm&r=g","contentUrl":"https:\/\/secure.gravatar.com\/avatar\/01cd1f9571997441bf1da6d1cc147351305f03fe8f2acf1ebbec60ebb26924ce?s=96&d=mm&r=g","caption":"Comunicaci\u00f3n ADECOSE"}}]}},"_links":{"self":[{"href":"https:\/\/www.fundacionadecose.com\/ca\/wp-json\/wp\/v2\/posts\/4787","targetHints":{"allow":["GET"]}}],"collection":[{"href":"https:\/\/www.fundacionadecose.com\/ca\/wp-json\/wp\/v2\/posts"}],"about":[{"href":"https:\/\/www.fundacionadecose.com\/ca\/wp-json\/wp\/v2\/types\/post"}],"author":[{"embeddable":true,"href":"https:\/\/www.fundacionadecose.com\/ca\/wp-json\/wp\/v2\/users\/186"}],"replies":[{"embeddable":true,"href":"https:\/\/www.fundacionadecose.com\/ca\/wp-json\/wp\/v2\/comments?post=4787"}],"version-history":[{"count":1,"href":"https:\/\/www.fundacionadecose.com\/ca\/wp-json\/wp\/v2\/posts\/4787\/revisions"}],"predecessor-version":[{"id":4793,"href":"https:\/\/www.fundacionadecose.com\/ca\/wp-json\/wp\/v2\/posts\/4787\/revisions\/4793"}],"wp:featuredmedia":[{"embeddable":true,"href":"https:\/\/www.fundacionadecose.com\/ca\/wp-json\/wp\/v2\/media\/4788"}],"wp:attachment":[{"href":"https:\/\/www.fundacionadecose.com\/ca\/wp-json\/wp\/v2\/media?parent=4787"}],"wp:term":[{"taxonomy":"category","embeddable":true,"href":"https:\/\/www.fundacionadecose.com\/ca\/wp-json\/wp\/v2\/categories?post=4787"},{"taxonomy":"post_tag","embeddable":true,"href":"https:\/\/www.fundacionadecose.com\/ca\/wp-json\/wp\/v2\/tags?post=4787"}],"curies":[{"name":"wp","href":"https:\/\/api.w.org\/{rel}","templated":true}]}}