{"id":6029,"date":"2025-02-13T14:41:55","date_gmt":"2025-02-13T14:41:55","guid":{"rendered":"https:\/\/www.fundacionadecose.com\/?p=6029"},"modified":"2025-02-13T14:41:55","modified_gmt":"2025-02-13T14:41:55","slug":"fundacion-adecose-lanza-la-convocatoria-de-la-ii-edicion-de-los-premios-rse","status":"publish","type":"post","link":"https:\/\/www.fundacionadecose.com\/ca\/fundacion-adecose-lanza-la-convocatoria-de-la-ii-edicion-de-los-premios-rse\/","title":{"rendered":"Fundaci\u00f3n ADECOSE lanza la convocatoria de la II Edici\u00f3n de los Premios RSE"},"content":{"rendered":"<ul>\n<li><em>El prop\u00f3sito de estos premios es <\/em><em>reconocer la labor y el compromiso de las corredur\u00edas asociadas a ADECOSE en materia de responsabilidad social empresarial<\/em><\/li>\n<li><em>Las categor\u00edas en esta primera edici\u00f3n son #Corredur\u00edasporelClima y Atracci\u00f3n y retenci\u00f3n del talento joven<\/em><\/li>\n<\/ul>\n<p><strong>Madrid, 13 de febrero de 2025.-<\/strong> Un a\u00f1o m\u00e1s, y tras el \u00e9xito de su primera entrega, Fundaci\u00f3n ADECOSE ha lanzado la convocatoria de la II Edici\u00f3n de los Premios RSE, una iniciativa que naci\u00f3 con el objetivo de reconocer el compromiso y el esfuerzo de las corredur\u00edas asociadas en materia de responsabilidad social empresarial.<\/p>\n<p>El prop\u00f3sito de estos premios es <em>hacer un reconocimiento p\u00fablico a aquellas corredur\u00edas de ADECOSE <\/em><em>que pongan en marcha acciones o proyectos alineados a los objetivos y valores de la Fundaci\u00f3n<\/em>, adem\u00e1s de visibilizarlas para que sirvan de ejemplo e inspiraci\u00f3n no solo para la industria aseguradora, sino tambi\u00e9n para empresas y profesionales de otros sectores que se puedan sentir identificados.<\/p>\n<p>El galard\u00f3n consta de dos categor\u00edas. La primera, denominada #Corredur\u00edasporelClima, premia a la corredur\u00eda que presente un proyecto o pol\u00edticas que demuestren un compromiso con el medioambiente y una contribuci\u00f3n al desarrollo sostenible, seg\u00fan criterios establecidos en las bases del premio.<\/p>\n<p>La segunda, llamada \u2018Atracci\u00f3n y Retenci\u00f3n del Talento\u2019, premia al proyecto que presente la mejor estrategia de atracci\u00f3n y retenci\u00f3n del talento joven (menores de 35 a\u00f1os).<\/p>\n<p>Los ganadores de cada categor\u00eda recibir\u00e1n, respectivamente, una prestaci\u00f3n de servicio ofrecida por un valor econ\u00f3mico de 3.000\u20ac, un diploma, un sello de calidad, y un trofeo personalizado.<\/p>\n<p>El jurado, que tendr\u00e1 una labor fundamental al elegir a los premiados, ser\u00e1 totalmente ajeno a la Fundaci\u00f3n y a la Junta Directiva de ADECOSE para que todas las corredur\u00edas se puedan presentar y la deliberaci\u00f3n sea lo m\u00e1s independiente, ecu\u00e1nime y rigurosa posible.<\/p>\n<p>Este estar\u00e1 compuesto por tres representantes de instituciones del sector asegurador, una organizaci\u00f3n vinculada a la Fundaci\u00f3n y una persona externa de la industria aseguradora y cuya profesi\u00f3n o labor social tengan vinculaci\u00f3n directa con la categor\u00eda del Premio.<\/p>\n<p>Las candidaturas ganadoras se dar\u00e1n a conocer en la ceremonia que tendr\u00e1 lugar en la Cena Anual de ADECOSE 2025, el pr\u00f3ximo 26 de junio, en el Complejo U Zalaca\u00edn La Finca en Madrid.<\/p>\n","protected":false},"excerpt":{"rendered":"<p>El prop\u00f3sito de estos premios es reconocer la labor y el compromiso de las corredur\u00edas asociadas a ADECOSE en materia de responsabilidad social empresarial Las categor\u00edas en esta primera edici\u00f3n&#8230;<\/p>\n","protected":false},"author":186,"featured_media":6030,"comment_status":"closed","ping_status":"open","sticky":false,"template":"","format":"standard","meta":{"footnotes":""},"categories":[5],"tags":[130,121,131,132],"class_list":{"0":"post-6029","1":"post","2":"type-post","3":"status-publish","4":"format-standard","5":"has-post-thumbnail","7":"category-notas-de-prensa","8":"tag-corredurias-de-seguros","9":"tag-fundacion-adecose","10":"tag-premio-rse","11":"tag-reconocimientos"},"yoast_head":"<!-- This site is optimized with the Yoast SEO plugin v27.2 - https:\/\/yoast.com\/product\/yoast-seo-wordpress\/ -->\n<title>Fundaci\u00f3n ADECOSE lanza la convocatoria de la II Edici\u00f3n de los Premios RSE | Fundaci\u00f3n Adecose<\/title>\n<meta name=\"robots\" content=\"index, follow, max-snippet:-1, max-image-preview:large, max-video-preview:-1\" \/>\n<link rel=\"canonical\" href=\"https:\/\/www.fundacionadecose.com\/ca\/fundacion-adecose-lanza-la-convocatoria-de-la-ii-edicion-de-los-premios-rse\/\" \/>\n<meta property=\"og:locale\" content=\"ca_ES\" \/>\n<meta property=\"og:type\" content=\"article\" \/>\n<meta property=\"og:title\" content=\"Fundaci\u00f3n ADECOSE lanza la convocatoria de la II Edici\u00f3n de los Premios RSE | Fundaci\u00f3n Adecose\" \/>\n<meta property=\"og:description\" content=\"El prop\u00f3sito de estos premios es reconocer la labor y el compromiso de las corredur\u00edas asociadas a ADECOSE en materia de responsabilidad social empresarial Las categor\u00edas en esta primera edici\u00f3n...\" \/>\n<meta property=\"og:url\" content=\"https:\/\/www.fundacionadecose.com\/ca\/fundacion-adecose-lanza-la-convocatoria-de-la-ii-edicion-de-los-premios-rse\/\" \/>\n<meta property=\"og:site_name\" content=\"Fundaci\u00f3n Adecose\" \/>\n<meta property=\"article:published_time\" content=\"2025-02-13T14:41:55+00:00\" \/>\n<meta property=\"og:image\" content=\"https:\/\/www.fundacionadecose.com\/wp-content\/uploads\/2025\/02\/Premios-RSE-Fundacion-ADECOSE.jpg\" \/>\n\t<meta property=\"og:image:width\" content=\"1920\" \/>\n\t<meta property=\"og:image:height\" content=\"1080\" \/>\n\t<meta property=\"og:image:type\" content=\"image\/jpeg\" \/>\n<meta name=\"author\" content=\"Comunicaci\u00f3n ADECOSE\" \/>\n<meta name=\"twitter:card\" content=\"summary_large_image\" \/>\n<meta name=\"twitter:label1\" content=\"Escrit per\" \/>\n\t<meta name=\"twitter:data1\" content=\"Comunicaci\u00f3n ADECOSE\" \/>\n\t<meta name=\"twitter:label2\" content=\"Temps estimat de lectura\" \/>\n\t<meta name=\"twitter:data2\" content=\"2 minuts\" \/>\n<script type=\"application\/ld+json\" class=\"yoast-schema-graph\">{\"@context\":\"https:\/\/schema.org\",\"@graph\":[{\"@type\":\"Article\",\"@id\":\"https:\/\/www.fundacionadecose.com\/ca\/fundacion-adecose-lanza-la-convocatoria-de-la-ii-edicion-de-los-premios-rse\/#article\",\"isPartOf\":{\"@id\":\"https:\/\/www.fundacionadecose.com\/ca\/fundacion-adecose-lanza-la-convocatoria-de-la-ii-edicion-de-los-premios-rse\/\"},\"author\":{\"name\":\"Comunicaci\u00f3n ADECOSE\",\"@id\":\"https:\/\/www.fundacionadecose.com\/ca\/#\/schema\/person\/543929658b5f339807ced364e905c8e7\"},\"headline\":\"Fundaci\u00f3n ADECOSE lanza la convocatoria de la II Edici\u00f3n de los Premios RSE\",\"datePublished\":\"2025-02-13T14:41:55+00:00\",\"mainEntityOfPage\":{\"@id\":\"https:\/\/www.fundacionadecose.com\/ca\/fundacion-adecose-lanza-la-convocatoria-de-la-ii-edicion-de-los-premios-rse\/\"},\"wordCount\":426,\"publisher\":{\"@id\":\"https:\/\/www.fundacionadecose.com\/ca\/#organization\"},\"image\":{\"@id\":\"https:\/\/www.fundacionadecose.com\/ca\/fundacion-adecose-lanza-la-convocatoria-de-la-ii-edicion-de-los-premios-rse\/#primaryimage\"},\"thumbnailUrl\":\"https:\/\/www.fundacionadecose.com\/wp-content\/uploads\/2025\/02\/Premios-RSE-Fundacion-ADECOSE.jpg\",\"keywords\":[\"Corredur\u00edas de Seguros\",\"Fundaci\u00f3n ADECOSE\",\"Premio RSE\",\"Reconocimientos\"],\"articleSection\":[\"Nota de prensa\"],\"inLanguage\":\"ca\"},{\"@type\":\"WebPage\",\"@id\":\"https:\/\/www.fundacionadecose.com\/ca\/fundacion-adecose-lanza-la-convocatoria-de-la-ii-edicion-de-los-premios-rse\/\",\"url\":\"https:\/\/www.fundacionadecose.com\/ca\/fundacion-adecose-lanza-la-convocatoria-de-la-ii-edicion-de-los-premios-rse\/\",\"name\":\"Fundaci\u00f3n ADECOSE lanza la convocatoria de la II Edici\u00f3n de los Premios RSE | Fundaci\u00f3n Adecose\",\"isPartOf\":{\"@id\":\"https:\/\/www.fundacionadecose.com\/ca\/#website\"},\"primaryImageOfPage\":{\"@id\":\"https:\/\/www.fundacionadecose.com\/ca\/fundacion-adecose-lanza-la-convocatoria-de-la-ii-edicion-de-los-premios-rse\/#primaryimage\"},\"image\":{\"@id\":\"https:\/\/www.fundacionadecose.com\/ca\/fundacion-adecose-lanza-la-convocatoria-de-la-ii-edicion-de-los-premios-rse\/#primaryimage\"},\"thumbnailUrl\":\"https:\/\/www.fundacionadecose.com\/wp-content\/uploads\/2025\/02\/Premios-RSE-Fundacion-ADECOSE.jpg\",\"datePublished\":\"2025-02-13T14:41:55+00:00\",\"breadcrumb\":{\"@id\":\"https:\/\/www.fundacionadecose.com\/ca\/fundacion-adecose-lanza-la-convocatoria-de-la-ii-edicion-de-los-premios-rse\/#breadcrumb\"},\"inLanguage\":\"ca\",\"potentialAction\":[{\"@type\":\"ReadAction\",\"target\":[\"https:\/\/www.fundacionadecose.com\/ca\/fundacion-adecose-lanza-la-convocatoria-de-la-ii-edicion-de-los-premios-rse\/\"]}]},{\"@type\":\"ImageObject\",\"inLanguage\":\"ca\",\"@id\":\"https:\/\/www.fundacionadecose.com\/ca\/fundacion-adecose-lanza-la-convocatoria-de-la-ii-edicion-de-los-premios-rse\/#primaryimage\",\"url\":\"https:\/\/www.fundacionadecose.com\/wp-content\/uploads\/2025\/02\/Premios-RSE-Fundacion-ADECOSE.jpg\",\"contentUrl\":\"https:\/\/www.fundacionadecose.com\/wp-content\/uploads\/2025\/02\/Premios-RSE-Fundacion-ADECOSE.jpg\",\"width\":1920,\"height\":1080},{\"@type\":\"BreadcrumbList\",\"@id\":\"https:\/\/www.fundacionadecose.com\/ca\/fundacion-adecose-lanza-la-convocatoria-de-la-ii-edicion-de-los-premios-rse\/#breadcrumb\",\"itemListElement\":[{\"@type\":\"ListItem\",\"position\":1,\"name\":\"Portada\",\"item\":\"https:\/\/www.fundacionadecose.com\/ca\/\"},{\"@type\":\"ListItem\",\"position\":2,\"name\":\"Fundaci\u00f3n ADECOSE lanza la convocatoria de la II Edici\u00f3n de los Premios RSE\"}]},{\"@type\":\"WebSite\",\"@id\":\"https:\/\/www.fundacionadecose.com\/ca\/#website\",\"url\":\"https:\/\/www.fundacionadecose.com\/ca\/\",\"name\":\"Fundaci\u00f3n Adecose\",\"description\":\"Donde comienzan los proyectos\",\"publisher\":{\"@id\":\"https:\/\/www.fundacionadecose.com\/ca\/#organization\"},\"potentialAction\":[{\"@type\":\"SearchAction\",\"target\":{\"@type\":\"EntryPoint\",\"urlTemplate\":\"https:\/\/www.fundacionadecose.com\/ca\/?s={search_term_string}\"},\"query-input\":{\"@type\":\"PropertyValueSpecification\",\"valueRequired\":true,\"valueName\":\"search_term_string\"}}],\"inLanguage\":\"ca\"},{\"@type\":\"Organization\",\"@id\":\"https:\/\/www.fundacionadecose.com\/ca\/#organization\",\"name\":\"Fundaci\u00f3n ADECOSE\",\"url\":\"https:\/\/www.fundacionadecose.com\/ca\/\",\"logo\":{\"@type\":\"ImageObject\",\"inLanguage\":\"ca\",\"@id\":\"https:\/\/www.fundacionadecose.com\/ca\/#\/schema\/logo\/image\/\",\"url\":\"https:\/\/www.fundacionadecose.com\/wp-content\/uploads\/2021\/02\/logo-footer.png\",\"contentUrl\":\"https:\/\/www.fundacionadecose.com\/wp-content\/uploads\/2021\/02\/logo-footer.png\",\"width\":309,\"height\":143,\"caption\":\"Fundaci\u00f3n ADECOSE\"},\"image\":{\"@id\":\"https:\/\/www.fundacionadecose.com\/ca\/#\/schema\/logo\/image\/\"}},{\"@type\":\"Person\",\"@id\":\"https:\/\/www.fundacionadecose.com\/ca\/#\/schema\/person\/543929658b5f339807ced364e905c8e7\",\"name\":\"Comunicaci\u00f3n ADECOSE\",\"image\":{\"@type\":\"ImageObject\",\"inLanguage\":\"ca\",\"@id\":\"https:\/\/secure.gravatar.com\/avatar\/01cd1f9571997441bf1da6d1cc147351305f03fe8f2acf1ebbec60ebb26924ce?s=96&d=mm&r=g\",\"url\":\"https:\/\/secure.gravatar.com\/avatar\/01cd1f9571997441bf1da6d1cc147351305f03fe8f2acf1ebbec60ebb26924ce?s=96&d=mm&r=g\",\"contentUrl\":\"https:\/\/secure.gravatar.com\/avatar\/01cd1f9571997441bf1da6d1cc147351305f03fe8f2acf1ebbec60ebb26924ce?s=96&d=mm&r=g\",\"caption\":\"Comunicaci\u00f3n ADECOSE\"}}]}<\/script>\n<!-- \/ Yoast SEO plugin. -->","yoast_head_json":{"title":"Fundaci\u00f3n ADECOSE lanza la convocatoria de la II Edici\u00f3n de los Premios RSE | Fundaci\u00f3n Adecose","robots":{"index":"index","follow":"follow","max-snippet":"max-snippet:-1","max-image-preview":"max-image-preview:large","max-video-preview":"max-video-preview:-1"},"canonical":"https:\/\/www.fundacionadecose.com\/ca\/fundacion-adecose-lanza-la-convocatoria-de-la-ii-edicion-de-los-premios-rse\/","og_locale":"ca_ES","og_type":"article","og_title":"Fundaci\u00f3n ADECOSE lanza la convocatoria de la II Edici\u00f3n de los Premios RSE | Fundaci\u00f3n Adecose","og_description":"El prop\u00f3sito de estos premios es reconocer la labor y el compromiso de las corredur\u00edas asociadas a ADECOSE en materia de responsabilidad social empresarial Las categor\u00edas en esta primera edici\u00f3n...","og_url":"https:\/\/www.fundacionadecose.com\/ca\/fundacion-adecose-lanza-la-convocatoria-de-la-ii-edicion-de-los-premios-rse\/","og_site_name":"Fundaci\u00f3n Adecose","article_published_time":"2025-02-13T14:41:55+00:00","og_image":[{"width":1920,"height":1080,"url":"https:\/\/www.fundacionadecose.com\/wp-content\/uploads\/2025\/02\/Premios-RSE-Fundacion-ADECOSE.jpg","type":"image\/jpeg"}],"author":"Comunicaci\u00f3n ADECOSE","twitter_card":"summary_large_image","twitter_misc":{"Escrit per":"Comunicaci\u00f3n ADECOSE","Temps estimat de lectura":"2 minuts"},"schema":{"@context":"https:\/\/schema.org","@graph":[{"@type":"Article","@id":"https:\/\/www.fundacionadecose.com\/ca\/fundacion-adecose-lanza-la-convocatoria-de-la-ii-edicion-de-los-premios-rse\/#article","isPartOf":{"@id":"https:\/\/www.fundacionadecose.com\/ca\/fundacion-adecose-lanza-la-convocatoria-de-la-ii-edicion-de-los-premios-rse\/"},"author":{"name":"Comunicaci\u00f3n ADECOSE","@id":"https:\/\/www.fundacionadecose.com\/ca\/#\/schema\/person\/543929658b5f339807ced364e905c8e7"},"headline":"Fundaci\u00f3n ADECOSE lanza la convocatoria de la II Edici\u00f3n de los Premios RSE","datePublished":"2025-02-13T14:41:55+00:00","mainEntityOfPage":{"@id":"https:\/\/www.fundacionadecose.com\/ca\/fundacion-adecose-lanza-la-convocatoria-de-la-ii-edicion-de-los-premios-rse\/"},"wordCount":426,"publisher":{"@id":"https:\/\/www.fundacionadecose.com\/ca\/#organization"},"image":{"@id":"https:\/\/www.fundacionadecose.com\/ca\/fundacion-adecose-lanza-la-convocatoria-de-la-ii-edicion-de-los-premios-rse\/#primaryimage"},"thumbnailUrl":"https:\/\/www.fundacionadecose.com\/wp-content\/uploads\/2025\/02\/Premios-RSE-Fundacion-ADECOSE.jpg","keywords":["Corredur\u00edas de Seguros","Fundaci\u00f3n ADECOSE","Premio RSE","Reconocimientos"],"articleSection":["Nota de prensa"],"inLanguage":"ca"},{"@type":"WebPage","@id":"https:\/\/www.fundacionadecose.com\/ca\/fundacion-adecose-lanza-la-convocatoria-de-la-ii-edicion-de-los-premios-rse\/","url":"https:\/\/www.fundacionadecose.com\/ca\/fundacion-adecose-lanza-la-convocatoria-de-la-ii-edicion-de-los-premios-rse\/","name":"Fundaci\u00f3n ADECOSE lanza la convocatoria de la II Edici\u00f3n de los Premios RSE | Fundaci\u00f3n Adecose","isPartOf":{"@id":"https:\/\/www.fundacionadecose.com\/ca\/#website"},"primaryImageOfPage":{"@id":"https:\/\/www.fundacionadecose.com\/ca\/fundacion-adecose-lanza-la-convocatoria-de-la-ii-edicion-de-los-premios-rse\/#primaryimage"},"image":{"@id":"https:\/\/www.fundacionadecose.com\/ca\/fundacion-adecose-lanza-la-convocatoria-de-la-ii-edicion-de-los-premios-rse\/#primaryimage"},"thumbnailUrl":"https:\/\/www.fundacionadecose.com\/wp-content\/uploads\/2025\/02\/Premios-RSE-Fundacion-ADECOSE.jpg","datePublished":"2025-02-13T14:41:55+00:00","breadcrumb":{"@id":"https:\/\/www.fundacionadecose.com\/ca\/fundacion-adecose-lanza-la-convocatoria-de-la-ii-edicion-de-los-premios-rse\/#breadcrumb"},"inLanguage":"ca","potentialAction":[{"@type":"ReadAction","target":["https:\/\/www.fundacionadecose.com\/ca\/fundacion-adecose-lanza-la-convocatoria-de-la-ii-edicion-de-los-premios-rse\/"]}]},{"@type":"ImageObject","inLanguage":"ca","@id":"https:\/\/www.fundacionadecose.com\/ca\/fundacion-adecose-lanza-la-convocatoria-de-la-ii-edicion-de-los-premios-rse\/#primaryimage","url":"https:\/\/www.fundacionadecose.com\/wp-content\/uploads\/2025\/02\/Premios-RSE-Fundacion-ADECOSE.jpg","contentUrl":"https:\/\/www.fundacionadecose.com\/wp-content\/uploads\/2025\/02\/Premios-RSE-Fundacion-ADECOSE.jpg","width":1920,"height":1080},{"@type":"BreadcrumbList","@id":"https:\/\/www.fundacionadecose.com\/ca\/fundacion-adecose-lanza-la-convocatoria-de-la-ii-edicion-de-los-premios-rse\/#breadcrumb","itemListElement":[{"@type":"ListItem","position":1,"name":"Portada","item":"https:\/\/www.fundacionadecose.com\/ca\/"},{"@type":"ListItem","position":2,"name":"Fundaci\u00f3n ADECOSE lanza la convocatoria de la II Edici\u00f3n de los Premios RSE"}]},{"@type":"WebSite","@id":"https:\/\/www.fundacionadecose.com\/ca\/#website","url":"https:\/\/www.fundacionadecose.com\/ca\/","name":"Fundaci\u00f3n Adecose","description":"Donde comienzan los proyectos","publisher":{"@id":"https:\/\/www.fundacionadecose.com\/ca\/#organization"},"potentialAction":[{"@type":"SearchAction","target":{"@type":"EntryPoint","urlTemplate":"https:\/\/www.fundacionadecose.com\/ca\/?s={search_term_string}"},"query-input":{"@type":"PropertyValueSpecification","valueRequired":true,"valueName":"search_term_string"}}],"inLanguage":"ca"},{"@type":"Organization","@id":"https:\/\/www.fundacionadecose.com\/ca\/#organization","name":"Fundaci\u00f3n ADECOSE","url":"https:\/\/www.fundacionadecose.com\/ca\/","logo":{"@type":"ImageObject","inLanguage":"ca","@id":"https:\/\/www.fundacionadecose.com\/ca\/#\/schema\/logo\/image\/","url":"https:\/\/www.fundacionadecose.com\/wp-content\/uploads\/2021\/02\/logo-footer.png","contentUrl":"https:\/\/www.fundacionadecose.com\/wp-content\/uploads\/2021\/02\/logo-footer.png","width":309,"height":143,"caption":"Fundaci\u00f3n ADECOSE"},"image":{"@id":"https:\/\/www.fundacionadecose.com\/ca\/#\/schema\/logo\/image\/"}},{"@type":"Person","@id":"https:\/\/www.fundacionadecose.com\/ca\/#\/schema\/person\/543929658b5f339807ced364e905c8e7","name":"Comunicaci\u00f3n ADECOSE","image":{"@type":"ImageObject","inLanguage":"ca","@id":"https:\/\/secure.gravatar.com\/avatar\/01cd1f9571997441bf1da6d1cc147351305f03fe8f2acf1ebbec60ebb26924ce?s=96&d=mm&r=g","url":"https:\/\/secure.gravatar.com\/avatar\/01cd1f9571997441bf1da6d1cc147351305f03fe8f2acf1ebbec60ebb26924ce?s=96&d=mm&r=g","contentUrl":"https:\/\/secure.gravatar.com\/avatar\/01cd1f9571997441bf1da6d1cc147351305f03fe8f2acf1ebbec60ebb26924ce?s=96&d=mm&r=g","caption":"Comunicaci\u00f3n ADECOSE"}}]}},"_links":{"self":[{"href":"https:\/\/www.fundacionadecose.com\/ca\/wp-json\/wp\/v2\/posts\/6029","targetHints":{"allow":["GET"]}}],"collection":[{"href":"https:\/\/www.fundacionadecose.com\/ca\/wp-json\/wp\/v2\/posts"}],"about":[{"href":"https:\/\/www.fundacionadecose.com\/ca\/wp-json\/wp\/v2\/types\/post"}],"author":[{"embeddable":true,"href":"https:\/\/www.fundacionadecose.com\/ca\/wp-json\/wp\/v2\/users\/186"}],"replies":[{"embeddable":true,"href":"https:\/\/www.fundacionadecose.com\/ca\/wp-json\/wp\/v2\/comments?post=6029"}],"version-history":[{"count":1,"href":"https:\/\/www.fundacionadecose.com\/ca\/wp-json\/wp\/v2\/posts\/6029\/revisions"}],"predecessor-version":[{"id":6035,"href":"https:\/\/www.fundacionadecose.com\/ca\/wp-json\/wp\/v2\/posts\/6029\/revisions\/6035"}],"wp:featuredmedia":[{"embeddable":true,"href":"https:\/\/www.fundacionadecose.com\/ca\/wp-json\/wp\/v2\/media\/6030"}],"wp:attachment":[{"href":"https:\/\/www.fundacionadecose.com\/ca\/wp-json\/wp\/v2\/media?parent=6029"}],"wp:term":[{"taxonomy":"category","embeddable":true,"href":"https:\/\/www.fundacionadecose.com\/ca\/wp-json\/wp\/v2\/categories?post=6029"},{"taxonomy":"post_tag","embeddable":true,"href":"https:\/\/www.fundacionadecose.com\/ca\/wp-json\/wp\/v2\/tags?post=6029"}],"curies":[{"name":"wp","href":"https:\/\/api.w.org\/{rel}","templated":true}]}}