{"id":6600,"date":"2026-04-27T09:56:18","date_gmt":"2026-04-27T09:56:18","guid":{"rendered":"https:\/\/www.fundacionadecose.com\/?p=6600"},"modified":"2026-04-27T09:56:18","modified_gmt":"2026-04-27T09:56:18","slug":"fundacion-adecose-celebra-su-jornada-conjunta-anual-con-los-alumnos-del-programa-de-desarrollo-directivo-de-madrid-y-barcelona-3","status":"publish","type":"post","link":"https:\/\/www.fundacionadecose.com\/ca\/fundacion-adecose-celebra-su-jornada-conjunta-anual-con-los-alumnos-del-programa-de-desarrollo-directivo-de-madrid-y-barcelona-3\/","title":{"rendered":"Fundaci\u00f3n ADECOSE celebra su jornada conjunta anual con los alumnos del Programa de Desarrollo Directivo de Madrid y Barcelona"},"content":{"rendered":"[vc_row type=&#8221;in_container&#8221; full_screen_row_position=&#8221;middle&#8221; column_margin=&#8221;default&#8221; column_direction=&#8221;default&#8221; column_direction_tablet=&#8221;default&#8221; column_direction_phone=&#8221;default&#8221; scene_position=&#8221;center&#8221; text_color=&#8221;dark&#8221; text_align=&#8221;left&#8221; row_border_radius=&#8221;none&#8221; row_border_radius_applies=&#8221;bg&#8221; row_position_desktop=&#8221;default&#8221; row_position_tablet=&#8221;inherit&#8221; row_position_phone=&#8221;inherit&#8221; overflow=&#8221;visible&#8221; overlay_strength=&#8221;0.3&#8243; gradient_direction=&#8221;left_to_right&#8221; shape_divider_position=&#8221;bottom&#8221; bg_image_animation=&#8221;none&#8221;][vc_column column_padding=&#8221;no-extra-padding&#8221; column_padding_tablet=&#8221;inherit&#8221; column_padding_phone=&#8221;inherit&#8221; column_padding_position=&#8221;all&#8221; flex_gap_desktop=&#8221;10px&#8221; column_element_direction_desktop=&#8221;default&#8221; column_element_spacing=&#8221;default&#8221; desktop_text_alignment=&#8221;default&#8221; tablet_text_alignment=&#8221;default&#8221; phone_text_alignment=&#8221;default&#8221; background_color_opacity=&#8221;1&#8243; background_hover_color_opacity=&#8221;1&#8243; column_backdrop_filter=&#8221;none&#8221; column_shadow=&#8221;none&#8221; column_border_radius=&#8221;none&#8221; column_link_target=&#8221;_self&#8221; column_position=&#8221;default&#8221; gradient_direction=&#8221;left_to_right&#8221; overlay_strength=&#8221;0.3&#8243; width=&#8221;1\/1&#8243; tablet_width_inherit=&#8221;default&#8221; animation_type=&#8221;default&#8221; bg_image_animation=&#8221;none&#8221; border_type=&#8221;simple&#8221; column_border_width=&#8221;none&#8221; column_border_style=&#8221;solid&#8221;][vc_column_text css=&#8221;&#8221; text_direction=&#8221;default&#8221;]\n<ul>\n<li><em>Las jornadas <\/em><em>tuvieron lugar en la sede de ARAG de Barcelona<\/em><\/li>\n<li><em>La directora general del Consorcio de Compensaci\u00f3n de Seguros (CCS), Flavia Rodr\u00edguez-Ponga, imparti\u00f3 una clase magistral sobre la labor de la instituci\u00f3n<\/em><\/li>\n<\/ul>\n<p>Los d\u00edas 24 y 25 de abril Fundaci\u00f3n ADECOSE celebr\u00f3, como cada a\u00f1o, la sesi\u00f3n conjunta del Programa de Desarrollo Directivo (PDD) en las instalaciones de ARAG en Barcelona. Esta jornada tiene como objetivo favorecer el encuentro entre los alumnos de las sedes de Madrid y Barcelona y de enriquecer sus redes profesionales, favoreciendo el intercambio de ideas sobre el momento en el que se encuentra el sector.<\/p>\n<p>A lo largo de la sesi\u00f3n, los estudiantes de la novena edici\u00f3n de este programa formativo recibieron la visita de Flavia Rodr\u00edguez-Ponga, directora general del Consorcio de Compensaci\u00f3n de Seguros (CCS), que ofreci\u00f3 una <em>masterclass<\/em> para acercar a los alumnos una visi\u00f3n del trabajo que realiza esta instituci\u00f3n.<\/p>\n<p>A lo largo de su ponencia, Rodr\u00edguez-Ponga desarroll\u00f3 todas las \u00e1reas de trabajo del CCS, incluso las menos conocidas como la cobertura de riesgos extraordinarios. A este respecto, incidi\u00f3 especialmente en los siniestros provocados por desastres naturales como la DANA que tuvo lugar en octubre de 2024 para abordar c\u00f3mo opera esta instituci\u00f3n en la tramitaci\u00f3n de siniestros y la concesi\u00f3n de indemnizaciones.<\/p>\n<p>A lo largo de la sesi\u00f3n los alumnos recibieron clases de intraemprendimiento, neuroliderazgo. Adem\u00e1s, asistieron a los casos pr\u00e1cticos \u201cPasado, presente y futuro de una corredur\u00eda digital\u201d, expuesto por May V\u00e1zquez L\u00f3pez y Nieves Garc\u00eda, Chief Marketing Officer y directora de tecnolog\u00eda de la corredur\u00eda de seguros Proyectos y Seguros respectivamente; y al caso pr\u00e1ctico \u2018El relevo en la corredur\u00eda familiar y \u00f3rgano de gobierno en la empresa familiar\u2019, que present\u00f3 David Salinas, consejero delegado de EPG Salinas.<\/p>\n<p>La jornada recibi\u00f3 una excelente acogida por parte de todos los participantes, que destacaron muy positivamente esta experiencia que les permiti\u00f3 disfrutar de un formato lectivo diferente y compartir perspectivas sobre las pr\u00e1cticas operativas diarias de las corredur\u00edas de seguros.[\/vc_column_text][\/vc_column][\/vc_row]\n","protected":false},"excerpt":{"rendered":"<p>[vc_row type=&#8221;in_container&#8221; full_screen_row_position=&#8221;middle&#8221; column_margin=&#8221;default&#8221; column_direction=&#8221;default&#8221; column_direction_tablet=&#8221;default&#8221; column_direction_phone=&#8221;default&#8221; scene_position=&#8221;center&#8221; text_color=&#8221;dark&#8221; text_align=&#8221;left&#8221; row_border_radius=&#8221;none&#8221; row_border_radius_applies=&#8221;bg&#8221; row_position_desktop=&#8221;default&#8221; row_position_tablet=&#8221;inherit&#8221; row_position_phone=&#8221;inherit&#8221; overflow=&#8221;visible&#8221; overlay_strength=&#8221;0.3&#8243; gradient_direction=&#8221;left_to_right&#8221; shape_divider_position=&#8221;bottom&#8221; bg_image_animation=&#8221;none&#8221;][vc_column column_padding=&#8221;no-extra-padding&#8221; column_padding_tablet=&#8221;inherit&#8221; column_padding_phone=&#8221;inherit&#8221; column_padding_position=&#8221;all&#8221; flex_gap_desktop=&#8221;10px&#8221; column_element_direction_desktop=&#8221;default&#8221; column_element_spacing=&#8221;default&#8221; desktop_text_alignment=&#8221;default&#8221; tablet_text_alignment=&#8221;default&#8221; phone_text_alignment=&#8221;default&#8221;&#8230;<\/p>\n","protected":false},"author":186,"featured_media":6601,"comment_status":"closed","ping_status":"open","sticky":false,"template":"","format":"standard","meta":{"footnotes":""},"categories":[5],"tags":[151,152,15,121,150,129],"class_list":{"0":"post-6600","1":"post","2":"type-post","3":"status-publish","4":"format-standard","5":"has-post-thumbnail","7":"category-notas-de-prensa","8":"tag-arag","9":"tag-consorcio-de-compensacion-de-seguros","10":"tag-formacion","11":"tag-fundacion-adecose","12":"tag-programa-de-desarrollo-directivo-pdd","13":"tag-universidad-europea-de-madrid"},"yoast_head":"<!-- This site is optimized with the Yoast SEO plugin v27.2 - https:\/\/yoast.com\/product\/yoast-seo-wordpress\/ -->\n<title>Fundaci\u00f3n ADECOSE celebra su jornada conjunta anual con los alumnos del Programa de Desarrollo Directivo de Madrid y Barcelona | Fundaci\u00f3n Adecose<\/title>\n<meta name=\"robots\" content=\"index, follow, max-snippet:-1, max-image-preview:large, max-video-preview:-1\" \/>\n<link rel=\"canonical\" href=\"https:\/\/www.fundacionadecose.com\/ca\/fundacion-adecose-celebra-su-jornada-conjunta-anual-con-los-alumnos-del-programa-de-desarrollo-directivo-de-madrid-y-barcelona-3\/\" \/>\n<meta property=\"og:locale\" content=\"ca_ES\" \/>\n<meta property=\"og:type\" content=\"article\" \/>\n<meta property=\"og:title\" content=\"Fundaci\u00f3n ADECOSE celebra su jornada conjunta anual con los alumnos del Programa de Desarrollo Directivo de Madrid y Barcelona | Fundaci\u00f3n Adecose\" \/>\n<meta property=\"og:description\" content=\"[vc_row type=&#8221;in_container&#8221; full_screen_row_position=&#8221;middle&#8221; column_margin=&#8221;default&#8221; column_direction=&#8221;default&#8221; column_direction_tablet=&#8221;default&#8221; column_direction_phone=&#8221;default&#8221; scene_position=&#8221;center&#8221; text_color=&#8221;dark&#8221; text_align=&#8221;left&#8221; row_border_radius=&#8221;none&#8221; row_border_radius_applies=&#8221;bg&#8221; row_position_desktop=&#8221;default&#8221; row_position_tablet=&#8221;inherit&#8221; row_position_phone=&#8221;inherit&#8221; overflow=&#8221;visible&#8221; overlay_strength=&#8221;0.3&#8243; gradient_direction=&#8221;left_to_right&#8221; shape_divider_position=&#8221;bottom&#8221; bg_image_animation=&#8221;none&#8221;][vc_column column_padding=&#8221;no-extra-padding&#8221; column_padding_tablet=&#8221;inherit&#8221; column_padding_phone=&#8221;inherit&#8221; column_padding_position=&#8221;all&#8221; flex_gap_desktop=&#8221;10px&#8221; column_element_direction_desktop=&#8221;default&#8221; column_element_spacing=&#8221;default&#8221; desktop_text_alignment=&#8221;default&#8221; tablet_text_alignment=&#8221;default&#8221; phone_text_alignment=&#8221;default&#8221;...\" \/>\n<meta property=\"og:url\" content=\"https:\/\/www.fundacionadecose.com\/ca\/fundacion-adecose-celebra-su-jornada-conjunta-anual-con-los-alumnos-del-programa-de-desarrollo-directivo-de-madrid-y-barcelona-3\/\" \/>\n<meta property=\"og:site_name\" content=\"Fundaci\u00f3n Adecose\" \/>\n<meta property=\"article:published_time\" content=\"2026-04-27T09:56:18+00:00\" \/>\n<meta property=\"og:image\" content=\"https:\/\/www.fundacionadecose.com\/wp-content\/uploads\/2026\/04\/Sesion-conjunta-PDD-2026.jpg\" \/>\n\t<meta property=\"og:image:width\" content=\"1200\" \/>\n\t<meta property=\"og:image:height\" content=\"675\" \/>\n\t<meta property=\"og:image:type\" content=\"image\/jpeg\" \/>\n<meta name=\"author\" content=\"Comunicaci\u00f3n ADECOSE\" \/>\n<meta name=\"twitter:card\" content=\"summary_large_image\" \/>\n<meta name=\"twitter:label1\" content=\"Escrit per\" \/>\n\t<meta name=\"twitter:data1\" content=\"Comunicaci\u00f3n ADECOSE\" \/>\n\t<meta name=\"twitter:label2\" content=\"Temps estimat de lectura\" \/>\n\t<meta name=\"twitter:data2\" content=\"3 minuts\" \/>\n<script type=\"application\/ld+json\" class=\"yoast-schema-graph\">{\"@context\":\"https:\/\/schema.org\",\"@graph\":[{\"@type\":\"Article\",\"@id\":\"https:\/\/www.fundacionadecose.com\/ca\/fundacion-adecose-celebra-su-jornada-conjunta-anual-con-los-alumnos-del-programa-de-desarrollo-directivo-de-madrid-y-barcelona-3\/#article\",\"isPartOf\":{\"@id\":\"https:\/\/www.fundacionadecose.com\/ca\/fundacion-adecose-celebra-su-jornada-conjunta-anual-con-los-alumnos-del-programa-de-desarrollo-directivo-de-madrid-y-barcelona-3\/\"},\"author\":{\"name\":\"Comunicaci\u00f3n ADECOSE\",\"@id\":\"https:\/\/www.fundacionadecose.com\/ca\/#\/schema\/person\/543929658b5f339807ced364e905c8e7\"},\"headline\":\"Fundaci\u00f3n ADECOSE celebra su jornada conjunta anual con los alumnos del Programa de Desarrollo Directivo de Madrid y Barcelona\",\"datePublished\":\"2026-04-27T09:56:18+00:00\",\"mainEntityOfPage\":{\"@id\":\"https:\/\/www.fundacionadecose.com\/ca\/fundacion-adecose-celebra-su-jornada-conjunta-anual-con-los-alumnos-del-programa-de-desarrollo-directivo-de-madrid-y-barcelona-3\/\"},\"wordCount\":560,\"publisher\":{\"@id\":\"https:\/\/www.fundacionadecose.com\/ca\/#organization\"},\"image\":{\"@id\":\"https:\/\/www.fundacionadecose.com\/ca\/fundacion-adecose-celebra-su-jornada-conjunta-anual-con-los-alumnos-del-programa-de-desarrollo-directivo-de-madrid-y-barcelona-3\/#primaryimage\"},\"thumbnailUrl\":\"https:\/\/www.fundacionadecose.com\/wp-content\/uploads\/2026\/04\/Sesion-conjunta-PDD-2026.jpg\",\"keywords\":[\"ARAG\",\"Consorcio de Compensaci\u00f3n de Seguros\",\"Formaci\u00f3n\",\"Fundaci\u00f3n ADECOSE\",\"Programa de Desarrollo Directivo (PDD)\",\"Universidad Europea de Madrid\"],\"articleSection\":[\"Nota de prensa\"],\"inLanguage\":\"ca\"},{\"@type\":\"WebPage\",\"@id\":\"https:\/\/www.fundacionadecose.com\/ca\/fundacion-adecose-celebra-su-jornada-conjunta-anual-con-los-alumnos-del-programa-de-desarrollo-directivo-de-madrid-y-barcelona-3\/\",\"url\":\"https:\/\/www.fundacionadecose.com\/ca\/fundacion-adecose-celebra-su-jornada-conjunta-anual-con-los-alumnos-del-programa-de-desarrollo-directivo-de-madrid-y-barcelona-3\/\",\"name\":\"Fundaci\u00f3n ADECOSE celebra su jornada conjunta anual con los alumnos del Programa de Desarrollo Directivo de Madrid y Barcelona | Fundaci\u00f3n Adecose\",\"isPartOf\":{\"@id\":\"https:\/\/www.fundacionadecose.com\/ca\/#website\"},\"primaryImageOfPage\":{\"@id\":\"https:\/\/www.fundacionadecose.com\/ca\/fundacion-adecose-celebra-su-jornada-conjunta-anual-con-los-alumnos-del-programa-de-desarrollo-directivo-de-madrid-y-barcelona-3\/#primaryimage\"},\"image\":{\"@id\":\"https:\/\/www.fundacionadecose.com\/ca\/fundacion-adecose-celebra-su-jornada-conjunta-anual-con-los-alumnos-del-programa-de-desarrollo-directivo-de-madrid-y-barcelona-3\/#primaryimage\"},\"thumbnailUrl\":\"https:\/\/www.fundacionadecose.com\/wp-content\/uploads\/2026\/04\/Sesion-conjunta-PDD-2026.jpg\",\"datePublished\":\"2026-04-27T09:56:18+00:00\",\"breadcrumb\":{\"@id\":\"https:\/\/www.fundacionadecose.com\/ca\/fundacion-adecose-celebra-su-jornada-conjunta-anual-con-los-alumnos-del-programa-de-desarrollo-directivo-de-madrid-y-barcelona-3\/#breadcrumb\"},\"inLanguage\":\"ca\",\"potentialAction\":[{\"@type\":\"ReadAction\",\"target\":[\"https:\/\/www.fundacionadecose.com\/ca\/fundacion-adecose-celebra-su-jornada-conjunta-anual-con-los-alumnos-del-programa-de-desarrollo-directivo-de-madrid-y-barcelona-3\/\"]}]},{\"@type\":\"ImageObject\",\"inLanguage\":\"ca\",\"@id\":\"https:\/\/www.fundacionadecose.com\/ca\/fundacion-adecose-celebra-su-jornada-conjunta-anual-con-los-alumnos-del-programa-de-desarrollo-directivo-de-madrid-y-barcelona-3\/#primaryimage\",\"url\":\"https:\/\/www.fundacionadecose.com\/wp-content\/uploads\/2026\/04\/Sesion-conjunta-PDD-2026.jpg\",\"contentUrl\":\"https:\/\/www.fundacionadecose.com\/wp-content\/uploads\/2026\/04\/Sesion-conjunta-PDD-2026.jpg\",\"width\":1200,\"height\":675},{\"@type\":\"BreadcrumbList\",\"@id\":\"https:\/\/www.fundacionadecose.com\/ca\/fundacion-adecose-celebra-su-jornada-conjunta-anual-con-los-alumnos-del-programa-de-desarrollo-directivo-de-madrid-y-barcelona-3\/#breadcrumb\",\"itemListElement\":[{\"@type\":\"ListItem\",\"position\":1,\"name\":\"Portada\",\"item\":\"https:\/\/www.fundacionadecose.com\/ca\/\"},{\"@type\":\"ListItem\",\"position\":2,\"name\":\"Fundaci\u00f3n ADECOSE celebra su jornada conjunta anual con los alumnos del Programa de Desarrollo Directivo de Madrid y Barcelona\"}]},{\"@type\":\"WebSite\",\"@id\":\"https:\/\/www.fundacionadecose.com\/ca\/#website\",\"url\":\"https:\/\/www.fundacionadecose.com\/ca\/\",\"name\":\"Fundaci\u00f3n Adecose\",\"description\":\"Donde comienzan los proyectos\",\"publisher\":{\"@id\":\"https:\/\/www.fundacionadecose.com\/ca\/#organization\"},\"potentialAction\":[{\"@type\":\"SearchAction\",\"target\":{\"@type\":\"EntryPoint\",\"urlTemplate\":\"https:\/\/www.fundacionadecose.com\/ca\/?s={search_term_string}\"},\"query-input\":{\"@type\":\"PropertyValueSpecification\",\"valueRequired\":true,\"valueName\":\"search_term_string\"}}],\"inLanguage\":\"ca\"},{\"@type\":\"Organization\",\"@id\":\"https:\/\/www.fundacionadecose.com\/ca\/#organization\",\"name\":\"Fundaci\u00f3n ADECOSE\",\"url\":\"https:\/\/www.fundacionadecose.com\/ca\/\",\"logo\":{\"@type\":\"ImageObject\",\"inLanguage\":\"ca\",\"@id\":\"https:\/\/www.fundacionadecose.com\/ca\/#\/schema\/logo\/image\/\",\"url\":\"https:\/\/www.fundacionadecose.com\/wp-content\/uploads\/2021\/02\/logo-footer.png\",\"contentUrl\":\"https:\/\/www.fundacionadecose.com\/wp-content\/uploads\/2021\/02\/logo-footer.png\",\"width\":309,\"height\":143,\"caption\":\"Fundaci\u00f3n ADECOSE\"},\"image\":{\"@id\":\"https:\/\/www.fundacionadecose.com\/ca\/#\/schema\/logo\/image\/\"}},{\"@type\":\"Person\",\"@id\":\"https:\/\/www.fundacionadecose.com\/ca\/#\/schema\/person\/543929658b5f339807ced364e905c8e7\",\"name\":\"Comunicaci\u00f3n ADECOSE\",\"image\":{\"@type\":\"ImageObject\",\"inLanguage\":\"ca\",\"@id\":\"https:\/\/secure.gravatar.com\/avatar\/01cd1f9571997441bf1da6d1cc147351305f03fe8f2acf1ebbec60ebb26924ce?s=96&d=mm&r=g\",\"url\":\"https:\/\/secure.gravatar.com\/avatar\/01cd1f9571997441bf1da6d1cc147351305f03fe8f2acf1ebbec60ebb26924ce?s=96&d=mm&r=g\",\"contentUrl\":\"https:\/\/secure.gravatar.com\/avatar\/01cd1f9571997441bf1da6d1cc147351305f03fe8f2acf1ebbec60ebb26924ce?s=96&d=mm&r=g\",\"caption\":\"Comunicaci\u00f3n ADECOSE\"}}]}<\/script>\n<!-- \/ Yoast SEO plugin. -->","yoast_head_json":{"title":"Fundaci\u00f3n ADECOSE celebra su jornada conjunta anual con los alumnos del Programa de Desarrollo Directivo de Madrid y Barcelona | Fundaci\u00f3n Adecose","robots":{"index":"index","follow":"follow","max-snippet":"max-snippet:-1","max-image-preview":"max-image-preview:large","max-video-preview":"max-video-preview:-1"},"canonical":"https:\/\/www.fundacionadecose.com\/ca\/fundacion-adecose-celebra-su-jornada-conjunta-anual-con-los-alumnos-del-programa-de-desarrollo-directivo-de-madrid-y-barcelona-3\/","og_locale":"ca_ES","og_type":"article","og_title":"Fundaci\u00f3n ADECOSE celebra su jornada conjunta anual con los alumnos del Programa de Desarrollo Directivo de Madrid y Barcelona | Fundaci\u00f3n Adecose","og_description":"[vc_row type=&#8221;in_container&#8221; full_screen_row_position=&#8221;middle&#8221; column_margin=&#8221;default&#8221; column_direction=&#8221;default&#8221; column_direction_tablet=&#8221;default&#8221; column_direction_phone=&#8221;default&#8221; scene_position=&#8221;center&#8221; text_color=&#8221;dark&#8221; text_align=&#8221;left&#8221; row_border_radius=&#8221;none&#8221; row_border_radius_applies=&#8221;bg&#8221; row_position_desktop=&#8221;default&#8221; row_position_tablet=&#8221;inherit&#8221; row_position_phone=&#8221;inherit&#8221; overflow=&#8221;visible&#8221; overlay_strength=&#8221;0.3&#8243; gradient_direction=&#8221;left_to_right&#8221; shape_divider_position=&#8221;bottom&#8221; bg_image_animation=&#8221;none&#8221;][vc_column column_padding=&#8221;no-extra-padding&#8221; column_padding_tablet=&#8221;inherit&#8221; column_padding_phone=&#8221;inherit&#8221; column_padding_position=&#8221;all&#8221; flex_gap_desktop=&#8221;10px&#8221; column_element_direction_desktop=&#8221;default&#8221; column_element_spacing=&#8221;default&#8221; desktop_text_alignment=&#8221;default&#8221; tablet_text_alignment=&#8221;default&#8221; phone_text_alignment=&#8221;default&#8221;...","og_url":"https:\/\/www.fundacionadecose.com\/ca\/fundacion-adecose-celebra-su-jornada-conjunta-anual-con-los-alumnos-del-programa-de-desarrollo-directivo-de-madrid-y-barcelona-3\/","og_site_name":"Fundaci\u00f3n Adecose","article_published_time":"2026-04-27T09:56:18+00:00","og_image":[{"width":1200,"height":675,"url":"https:\/\/www.fundacionadecose.com\/wp-content\/uploads\/2026\/04\/Sesion-conjunta-PDD-2026.jpg","type":"image\/jpeg"}],"author":"Comunicaci\u00f3n ADECOSE","twitter_card":"summary_large_image","twitter_misc":{"Escrit per":"Comunicaci\u00f3n ADECOSE","Temps estimat de lectura":"3 minuts"},"schema":{"@context":"https:\/\/schema.org","@graph":[{"@type":"Article","@id":"https:\/\/www.fundacionadecose.com\/ca\/fundacion-adecose-celebra-su-jornada-conjunta-anual-con-los-alumnos-del-programa-de-desarrollo-directivo-de-madrid-y-barcelona-3\/#article","isPartOf":{"@id":"https:\/\/www.fundacionadecose.com\/ca\/fundacion-adecose-celebra-su-jornada-conjunta-anual-con-los-alumnos-del-programa-de-desarrollo-directivo-de-madrid-y-barcelona-3\/"},"author":{"name":"Comunicaci\u00f3n ADECOSE","@id":"https:\/\/www.fundacionadecose.com\/ca\/#\/schema\/person\/543929658b5f339807ced364e905c8e7"},"headline":"Fundaci\u00f3n ADECOSE celebra su jornada conjunta anual con los alumnos del Programa de Desarrollo Directivo de Madrid y Barcelona","datePublished":"2026-04-27T09:56:18+00:00","mainEntityOfPage":{"@id":"https:\/\/www.fundacionadecose.com\/ca\/fundacion-adecose-celebra-su-jornada-conjunta-anual-con-los-alumnos-del-programa-de-desarrollo-directivo-de-madrid-y-barcelona-3\/"},"wordCount":560,"publisher":{"@id":"https:\/\/www.fundacionadecose.com\/ca\/#organization"},"image":{"@id":"https:\/\/www.fundacionadecose.com\/ca\/fundacion-adecose-celebra-su-jornada-conjunta-anual-con-los-alumnos-del-programa-de-desarrollo-directivo-de-madrid-y-barcelona-3\/#primaryimage"},"thumbnailUrl":"https:\/\/www.fundacionadecose.com\/wp-content\/uploads\/2026\/04\/Sesion-conjunta-PDD-2026.jpg","keywords":["ARAG","Consorcio de Compensaci\u00f3n de Seguros","Formaci\u00f3n","Fundaci\u00f3n ADECOSE","Programa de Desarrollo Directivo (PDD)","Universidad Europea de Madrid"],"articleSection":["Nota de prensa"],"inLanguage":"ca"},{"@type":"WebPage","@id":"https:\/\/www.fundacionadecose.com\/ca\/fundacion-adecose-celebra-su-jornada-conjunta-anual-con-los-alumnos-del-programa-de-desarrollo-directivo-de-madrid-y-barcelona-3\/","url":"https:\/\/www.fundacionadecose.com\/ca\/fundacion-adecose-celebra-su-jornada-conjunta-anual-con-los-alumnos-del-programa-de-desarrollo-directivo-de-madrid-y-barcelona-3\/","name":"Fundaci\u00f3n ADECOSE celebra su jornada conjunta anual con los alumnos del Programa de Desarrollo Directivo de Madrid y Barcelona | Fundaci\u00f3n Adecose","isPartOf":{"@id":"https:\/\/www.fundacionadecose.com\/ca\/#website"},"primaryImageOfPage":{"@id":"https:\/\/www.fundacionadecose.com\/ca\/fundacion-adecose-celebra-su-jornada-conjunta-anual-con-los-alumnos-del-programa-de-desarrollo-directivo-de-madrid-y-barcelona-3\/#primaryimage"},"image":{"@id":"https:\/\/www.fundacionadecose.com\/ca\/fundacion-adecose-celebra-su-jornada-conjunta-anual-con-los-alumnos-del-programa-de-desarrollo-directivo-de-madrid-y-barcelona-3\/#primaryimage"},"thumbnailUrl":"https:\/\/www.fundacionadecose.com\/wp-content\/uploads\/2026\/04\/Sesion-conjunta-PDD-2026.jpg","datePublished":"2026-04-27T09:56:18+00:00","breadcrumb":{"@id":"https:\/\/www.fundacionadecose.com\/ca\/fundacion-adecose-celebra-su-jornada-conjunta-anual-con-los-alumnos-del-programa-de-desarrollo-directivo-de-madrid-y-barcelona-3\/#breadcrumb"},"inLanguage":"ca","potentialAction":[{"@type":"ReadAction","target":["https:\/\/www.fundacionadecose.com\/ca\/fundacion-adecose-celebra-su-jornada-conjunta-anual-con-los-alumnos-del-programa-de-desarrollo-directivo-de-madrid-y-barcelona-3\/"]}]},{"@type":"ImageObject","inLanguage":"ca","@id":"https:\/\/www.fundacionadecose.com\/ca\/fundacion-adecose-celebra-su-jornada-conjunta-anual-con-los-alumnos-del-programa-de-desarrollo-directivo-de-madrid-y-barcelona-3\/#primaryimage","url":"https:\/\/www.fundacionadecose.com\/wp-content\/uploads\/2026\/04\/Sesion-conjunta-PDD-2026.jpg","contentUrl":"https:\/\/www.fundacionadecose.com\/wp-content\/uploads\/2026\/04\/Sesion-conjunta-PDD-2026.jpg","width":1200,"height":675},{"@type":"BreadcrumbList","@id":"https:\/\/www.fundacionadecose.com\/ca\/fundacion-adecose-celebra-su-jornada-conjunta-anual-con-los-alumnos-del-programa-de-desarrollo-directivo-de-madrid-y-barcelona-3\/#breadcrumb","itemListElement":[{"@type":"ListItem","position":1,"name":"Portada","item":"https:\/\/www.fundacionadecose.com\/ca\/"},{"@type":"ListItem","position":2,"name":"Fundaci\u00f3n ADECOSE celebra su jornada conjunta anual con los alumnos del Programa de Desarrollo Directivo de Madrid y Barcelona"}]},{"@type":"WebSite","@id":"https:\/\/www.fundacionadecose.com\/ca\/#website","url":"https:\/\/www.fundacionadecose.com\/ca\/","name":"Fundaci\u00f3n Adecose","description":"Donde comienzan los proyectos","publisher":{"@id":"https:\/\/www.fundacionadecose.com\/ca\/#organization"},"potentialAction":[{"@type":"SearchAction","target":{"@type":"EntryPoint","urlTemplate":"https:\/\/www.fundacionadecose.com\/ca\/?s={search_term_string}"},"query-input":{"@type":"PropertyValueSpecification","valueRequired":true,"valueName":"search_term_string"}}],"inLanguage":"ca"},{"@type":"Organization","@id":"https:\/\/www.fundacionadecose.com\/ca\/#organization","name":"Fundaci\u00f3n ADECOSE","url":"https:\/\/www.fundacionadecose.com\/ca\/","logo":{"@type":"ImageObject","inLanguage":"ca","@id":"https:\/\/www.fundacionadecose.com\/ca\/#\/schema\/logo\/image\/","url":"https:\/\/www.fundacionadecose.com\/wp-content\/uploads\/2021\/02\/logo-footer.png","contentUrl":"https:\/\/www.fundacionadecose.com\/wp-content\/uploads\/2021\/02\/logo-footer.png","width":309,"height":143,"caption":"Fundaci\u00f3n ADECOSE"},"image":{"@id":"https:\/\/www.fundacionadecose.com\/ca\/#\/schema\/logo\/image\/"}},{"@type":"Person","@id":"https:\/\/www.fundacionadecose.com\/ca\/#\/schema\/person\/543929658b5f339807ced364e905c8e7","name":"Comunicaci\u00f3n ADECOSE","image":{"@type":"ImageObject","inLanguage":"ca","@id":"https:\/\/secure.gravatar.com\/avatar\/01cd1f9571997441bf1da6d1cc147351305f03fe8f2acf1ebbec60ebb26924ce?s=96&d=mm&r=g","url":"https:\/\/secure.gravatar.com\/avatar\/01cd1f9571997441bf1da6d1cc147351305f03fe8f2acf1ebbec60ebb26924ce?s=96&d=mm&r=g","contentUrl":"https:\/\/secure.gravatar.com\/avatar\/01cd1f9571997441bf1da6d1cc147351305f03fe8f2acf1ebbec60ebb26924ce?s=96&d=mm&r=g","caption":"Comunicaci\u00f3n ADECOSE"}}]}},"_links":{"self":[{"href":"https:\/\/www.fundacionadecose.com\/ca\/wp-json\/wp\/v2\/posts\/6600","targetHints":{"allow":["GET"]}}],"collection":[{"href":"https:\/\/www.fundacionadecose.com\/ca\/wp-json\/wp\/v2\/posts"}],"about":[{"href":"https:\/\/www.fundacionadecose.com\/ca\/wp-json\/wp\/v2\/types\/post"}],"author":[{"embeddable":true,"href":"https:\/\/www.fundacionadecose.com\/ca\/wp-json\/wp\/v2\/users\/186"}],"replies":[{"embeddable":true,"href":"https:\/\/www.fundacionadecose.com\/ca\/wp-json\/wp\/v2\/comments?post=6600"}],"version-history":[{"count":1,"href":"https:\/\/www.fundacionadecose.com\/ca\/wp-json\/wp\/v2\/posts\/6600\/revisions"}],"predecessor-version":[{"id":6602,"href":"https:\/\/www.fundacionadecose.com\/ca\/wp-json\/wp\/v2\/posts\/6600\/revisions\/6602"}],"wp:featuredmedia":[{"embeddable":true,"href":"https:\/\/www.fundacionadecose.com\/ca\/wp-json\/wp\/v2\/media\/6601"}],"wp:attachment":[{"href":"https:\/\/www.fundacionadecose.com\/ca\/wp-json\/wp\/v2\/media?parent=6600"}],"wp:term":[{"taxonomy":"category","embeddable":true,"href":"https:\/\/www.fundacionadecose.com\/ca\/wp-json\/wp\/v2\/categories?post=6600"},{"taxonomy":"post_tag","embeddable":true,"href":"https:\/\/www.fundacionadecose.com\/ca\/wp-json\/wp\/v2\/tags?post=6600"}],"curies":[{"name":"wp","href":"https:\/\/api.w.org\/{rel}","templated":true}]}}