{"id":4224,"date":"2023-01-26T14:48:40","date_gmt":"2023-01-26T14:48:40","guid":{"rendered":"https:\/\/www.fundacionadecose.com\/?p=4224"},"modified":"2023-01-27T12:08:57","modified_gmt":"2023-01-27T12:08:57","slug":"viajar-en-2023-10-cosas-a-tener-en-cuenta-al-contratar-un-seguro-de-viaje","status":"publish","type":"post","link":"https:\/\/www.fundacionadecose.com\/eu\/viajar-en-2023-10-cosas-a-tener-en-cuenta-al-contratar-un-seguro-de-viaje\/","title":{"rendered":"Viajar en 2023: 10 cosas a tener en cuenta al contratar un seguro de viaje"},"content":{"rendered":"[vc_row type=&#8221;in_container&#8221; full_screen_row_position=&#8221;middle&#8221; column_margin=&#8221;default&#8221; column_direction=&#8221;default&#8221; column_direction_tablet=&#8221;default&#8221; column_direction_phone=&#8221;default&#8221; scene_position=&#8221;center&#8221; text_color=&#8221;dark&#8221; text_align=&#8221;left&#8221; row_border_radius=&#8221;none&#8221; row_border_radius_applies=&#8221;bg&#8221; overflow=&#8221;visible&#8221; overlay_strength=&#8221;0.3&#8243; gradient_direction=&#8221;left_to_right&#8221; shape_divider_position=&#8221;bottom&#8221; bg_image_animation=&#8221;none&#8221;][vc_column column_padding=&#8221;no-extra-padding&#8221; column_padding_tablet=&#8221;inherit&#8221; column_padding_phone=&#8221;inherit&#8221; column_padding_position=&#8221;all&#8221; column_element_spacing=&#8221;default&#8221; background_color_opacity=&#8221;1&#8243; background_hover_color_opacity=&#8221;1&#8243; column_shadow=&#8221;none&#8221; column_border_radius=&#8221;none&#8221; column_link_target=&#8221;_self&#8221; column_position=&#8221;default&#8221; gradient_direction=&#8221;left_to_right&#8221; overlay_strength=&#8221;0.3&#8243; width=&#8221;1\/1&#8243; tablet_width_inherit=&#8221;default&#8221; tablet_text_alignment=&#8221;default&#8221; phone_text_alignment=&#8221;default&#8221; animation_type=&#8221;default&#8221; bg_image_animation=&#8221;none&#8221; border_type=&#8221;simple&#8221; column_border_width=&#8221;none&#8221; column_border_style=&#8221;solid&#8221;][vc_column_text]Si en este 2023, uno de tus prop\u00f3sitos es viajar por el mundo, debes conocer las razones por las que contratar un <strong>seguro de viaje<\/strong>. Existen ciertos destinos en los que este seguro es, incluso, obligatorio. En otros casos, simplemente es recomendable ante posibles incidencias que podamos sufrir, ya sean de <strong>tipo m\u00e9dico o p\u00e9rdida de equipaje, cancelaciones, retrasos,<\/strong> etc.<\/p>\n<p>\u00a1Y es que son muchas las coberturas que puede ofrecer este seguro! Por ello, debemos tener en cuenta distintos aspectos para elegir el que <strong>m\u00e1s se adapte a nuestro desplazamiento y nos ofrezca las coberturas necesarias para estar protegidos en todo momento<\/strong>.[\/vc_column_text][vc_column_text]\n<h3>1. Duraci\u00f3n del viaje y duraci\u00f3n del seguro<\/h3>\n<p>En primer lugar, lo primero que tenemos que establecer son<strong> las fechas de nuestro viaje<\/strong>: el d\u00eda de ida y el d\u00eda de regreso. Pues muchos seguros <strong>var\u00edan sus precios y coberturas seg\u00fan el n\u00famero de d\u00edas de duraci\u00f3n del viaje<\/strong> o incluso tienen un <strong>l\u00edmite de d\u00edas<\/strong>.<\/p>\n<p>Si no sabemos con exactitud qu\u00e9 d\u00eda vamos a volver, te damos un truco: <strong>elige un seguro que se pueda ampliar<\/strong> <strong>unos d\u00edas m\u00e1s<\/strong>, ya que comprar otro seguro una vez iniciado el viaje puede ser un problema, ya que no cubren las incidencias ocurridas antes de la contrataci\u00f3n.<\/p>\n<h3>2. El destino del viaje tambi\u00e9n importa<\/h3>\n<p>El siguiente paso es indicar el <strong>\u00e1mbito de cobertura<\/strong>, es decir, el lugar al que viajar\u00e1s, normalmente simplificado en tres categor\u00edas: <strong>Espa\u00f1a<\/strong>, <strong>Europa<\/strong> (junto con pa\u00edses ribere\u00f1os) y <strong>Mundo<\/strong>.<\/p>\n<p>Si vas a desplazarte a diferentes destinos siempre, debes tomar como referencia el que m\u00e1s lejos est\u00e9, pues cada una incluye a la anterior.<\/p>\n<p>\u00a1OJO! Hay destinos para los que es <strong>obligatorio contratar un seguro de viaje con coberturas espec\u00edficas de asistencia m\u00e9dica o repatriaci\u00f3n<\/strong>, como pueden ser Cuba, Ecuador, Rusia, Armenia, Azerbaiy\u00e1n, Ir\u00e1n, Kazajist\u00e1n, Kirguist\u00e1n, Moldavia, Tayikist\u00e1n y Turkmenist\u00e1n o Argelia, entre otros.<\/p>\n<h3>3. L\u00edmite de d\u00edas para la contrataci\u00f3n del seguro<\/h3>\n<p>Lo ideal es contratar el seguro de viaje\u00a0<b>en el momento de hacer la primera reserva de nuestro viaje<\/b>.<\/p>\n<p>No obstante, puede ser adquirido hasta el d\u00eda anterior al comienzo del viaje, teniendo en cuenta que no quedar\u00e1n cubiertos los sucesos ocurridos antes de la contrataci\u00f3n del seguro.<\/p>\n<h3>4. Seguro de viaje para un a\u00f1o vs. Seguros para viajes de un a\u00f1o<\/h3>\n<p>En algunos seguros, durante la contrataci\u00f3n, al llegar a un n\u00famero determinado de d\u00edas de viaje se pasar\u00e1 autom\u00e1ticamente a la <strong>modalidad anual<\/strong>. Con ella podr\u00e1s disfrutar de todos los viajes que hagas durante un a\u00f1o, teniendo en cuenta el n\u00famero de d\u00edas l\u00edmite de cada uno.<\/p>\n<p>Si \u00fanicamente deseas hacer un viaje, ten en cuenta este l\u00edmite de duraci\u00f3n, porque en ese caso necesitar\u00edas un <strong>seguro de viaje de larga estancia<\/strong>.<\/p>\n<h3>5. Una p\u00f3liza para varios viajeros<\/h3>\n<p>Si eres de los que les gusta viajar en grupo, te recomendamos que, en lugar de contratar varias p\u00f3lizas, <strong>incluyas varios viajeros en una misma<\/strong>, como es el caso del seguro de <strong>viaje para grupos<\/strong>.<\/p>\n<p>Es tan simple como aportar algunos datos de los acompa\u00f1antes: Nombre y apellidos, NIF, fecha de nacimiento y email.<\/p>\n<h3>6. Seguro para viajar en familia<\/h3>\n<p>Para los que viajan en familia, lo ideal es adquirir un <strong>seguro de viaje\u00a0familiar<\/strong> que cubra al titular de la p\u00f3liza, c\u00f3nyuge e hijos menores de 18 a\u00f1os asegurados.<\/p>\n<p>Esto te permitir\u00e1 ahorrar en tu seguro, puesto que pagar\u00e1s lo mismo independientemente del n\u00famero de hijos asegurados. Adem\u00e1s, no tendr\u00e1s que contratar un seguro cada vez que viajes en familia, pues esta p\u00f3liza sirve para todos los viajes que hag\u00e1is en el a\u00f1o, sea juntos o por separado.<\/p>\n<h3>7. La cantidad de gastos cubiertos<\/h3>\n<p>Revisa con atenci\u00f3n cu\u00e1l es el<strong> l\u00edmite de gastos cubiertos por cada una de las coberturas del seguro de viaje<\/strong>. Esto es primordial a la hora de decantarse por una p\u00f3liza u otra si atendemos a cuestiones clave como, por ejemplo, el <strong>coste de la sanidad en el destino al que vamos a viajar<\/strong>, que en pa\u00edses como Estados Unidos o Canad\u00e1 suele ser elevado.<\/p>\n<p>Por lo tanto, para viajar a estos pa\u00edses deberemos adquirir un seguro de viaje que incluya una<strong> amplia cobertura sanitaria<\/strong>, tanto en servicios como en gastos.<\/p>\n<h3>8. Cancelaci\u00f3n de tu billete de avi\u00f3n, alojamiento o ambos<\/h3>\n<p>En el caso de contratar un seguro de anulaci\u00f3n de viaje, tenemos la opci\u00f3n de que cubra el viaje completo, s\u00f3lo el transporte o el alojamiento. El coste del seguro ser\u00e1 m\u00e1s barato en el caso de que s\u00f3lo cubra el alojamiento.<\/p>\n<p>Por otro lado, debemos indicar el <strong>coste total de aquello que queramos asegurar<\/strong> y <strong>nunca elegir una cifra de capital asegurado menor<\/strong>.<\/p>\n<h3>9. Seguro para la pr\u00e1ctica de deportes<\/h3>\n<p>Los verdaderos aventureros quieren disfrutar de sus deportes favoritos en quel lugar: trekking, surf, esqu\u00ed\u2026 Pero es preciso saber que los seguros normalmente <strong>no incluyen las incidencias que ocurrir mientras practicamos estos deportes<\/strong>.<\/p>\n<p>Lo ideal es ampliar de forma opcional las coberturas antes de realizar espor\u00e1dicamente estos ejercicios. Si el deporte va a ser una parte importante del viaje puede ser necesario contratar un <strong>seguro deportivo<\/strong>\u00a0que cubra <strong>b\u00fasqueda y rescate, gastos m\u00e9dicos, rehabilitaci\u00f3n, accidentes y otras coberturas propias de un seguro de viaje.<\/strong><\/p>\n<h3>10. Tipo de viaje: Seguros para cruceros o estudios en el extranjero<\/h3>\n<p>Hay viajes con unas particularidades tales que es recomendable asegurarlos con una p\u00f3liza espec\u00edfica.<\/p>\n<p>Por ejemplo, si vas a realizar un <strong>crucero<\/strong>, es recomendable leer bien las condiciones del seguro, pues hay algunos que excluyen este tipo de viajes. En estos casos, puedes optar por seguros espec\u00edficos, como el <strong>seguro para cruceros<\/strong> con cobertura durante todo el viaje.<\/p>\n<p>Otro ejemplo ser\u00eda el <strong>seguro de viaje para estudiantes, <\/strong>id\u00f3neo para largas estancias de estudio en el extranjero. Esta modalidad permite resolver situaciones complejas a las que los estudiantes pueden enfrentarse durante su viaje (hospitalizaci\u00f3n, regreso, etc.).<\/p>\n<p><strong>En definitiva, siempre es recomendable, para saber si el seguro se ajusta totalmente a nuestras necesidades, leer las condiciones generales\u00a0y entender las coberturas y las exclusiones de cada p\u00f3liza. <\/strong><\/p>\n<p><strong>Por ello, recomendamos estudiar y valorar el condicionado antes de contratar cualquier seguro.<\/strong>[\/vc_column_text][\/vc_column][\/vc_row][vc_row type=&#8221;in_container&#8221; full_screen_row_position=&#8221;middle&#8221; column_margin=&#8221;default&#8221; column_direction=&#8221;default&#8221; column_direction_tablet=&#8221;default&#8221; column_direction_phone=&#8221;default&#8221; scene_position=&#8221;center&#8221; text_color=&#8221;dark&#8221; text_align=&#8221;left&#8221; row_border_radius=&#8221;none&#8221; row_border_radius_applies=&#8221;bg&#8221; overflow=&#8221;visible&#8221; overlay_strength=&#8221;0.3&#8243; gradient_direction=&#8221;left_to_right&#8221; shape_divider_position=&#8221;bottom&#8221; bg_image_animation=&#8221;none&#8221;][vc_column column_padding=&#8221;no-extra-padding&#8221; column_padding_tablet=&#8221;inherit&#8221; column_padding_phone=&#8221;inherit&#8221; column_padding_position=&#8221;all&#8221; column_element_spacing=&#8221;default&#8221; background_color_opacity=&#8221;1&#8243; background_hover_color_opacity=&#8221;1&#8243; column_shadow=&#8221;none&#8221; column_border_radius=&#8221;none&#8221; column_link_target=&#8221;_self&#8221; column_position=&#8221;default&#8221; gradient_direction=&#8221;left_to_right&#8221; overlay_strength=&#8221;0.3&#8243; width=&#8221;1\/1&#8243; tablet_width_inherit=&#8221;default&#8221; tablet_text_alignment=&#8221;default&#8221; phone_text_alignment=&#8221;default&#8221; animation_type=&#8221;default&#8221; bg_image_animation=&#8221;none&#8221; border_type=&#8221;simple&#8221; column_border_width=&#8221;none&#8221; column_border_style=&#8221;solid&#8221;][vc_column_text]Informaci\u00f3n ofrecida por <a href=\"https:\/\/www.intermundial.es\/\">Intermundial Seguros<\/a>.<\/p>\n<p><a href=\"https:\/\/www.intermundial.es\/\"><img loading=\"lazy\" decoding=\"async\" class=\"alignnone wp-image-4137\" src=\"https:\/\/www.fundacionadecose.com\/wp-content\/uploads\/2022\/12\/logo-intermundial-300x74.png\" alt=\"\" width=\"207\" height=\"51\" srcset=\"https:\/\/www.fundacionadecose.com\/wp-content\/uploads\/2022\/12\/logo-intermundial-300x74.png 300w, https:\/\/www.fundacionadecose.com\/wp-content\/uploads\/2022\/12\/logo-intermundial-768x190.png 768w, https:\/\/www.fundacionadecose.com\/wp-content\/uploads\/2022\/12\/logo-intermundial-1000x249.png 1000w, https:\/\/www.fundacionadecose.com\/wp-content\/uploads\/2022\/12\/logo-intermundial.png 1005w\" sizes=\"auto, (max-width: 207px) 100vw, 207px\" \/><\/a>[\/vc_column_text][\/vc_column][\/vc_row]\n","protected":false},"excerpt":{"rendered":"<p>[vc_row type=&#8221;in_container&#8221; full_screen_row_position=&#8221;middle&#8221; column_margin=&#8221;default&#8221; column_direction=&#8221;default&#8221; column_direction_tablet=&#8221;default&#8221; column_direction_phone=&#8221;default&#8221; scene_position=&#8221;center&#8221; text_color=&#8221;dark&#8221; text_align=&#8221;left&#8221; row_border_radius=&#8221;none&#8221; row_border_radius_applies=&#8221;bg&#8221; overflow=&#8221;visible&#8221; overlay_strength=&#8221;0.3&#8243; gradient_direction=&#8221;left_to_right&#8221; shape_divider_position=&#8221;bottom&#8221; bg_image_animation=&#8221;none&#8221;][vc_column column_padding=&#8221;no-extra-padding&#8221; column_padding_tablet=&#8221;inherit&#8221; column_padding_phone=&#8221;inherit&#8221; column_padding_position=&#8221;all&#8221; column_element_spacing=&#8221;default&#8221; background_color_opacity=&#8221;1&#8243; background_hover_color_opacity=&#8221;1&#8243; column_shadow=&#8221;none&#8221; column_border_radius=&#8221;none&#8221; column_link_target=&#8221;_self&#8221; column_position=&#8221;default&#8221; gradient_direction=&#8221;left_to_right&#8221; overlay_strength=&#8221;0.3&#8243;&#8230;<\/p>\n","protected":false},"author":186,"featured_media":4229,"comment_status":"closed","ping_status":"open","sticky":false,"template":"","format":"standard","meta":{"footnotes":""},"categories":[53],"tags":[97],"class_list":{"0":"post-4224","1":"post","2":"type-post","3":"status-publish","4":"format-standard","5":"has-post-thumbnail","7":"category-blog-del-broker","8":"tag-intermundial"},"yoast_head":"<!-- This site is optimized with the Yoast SEO plugin v27.2 - https:\/\/yoast.com\/product\/yoast-seo-wordpress\/ -->\n<title>Viajar en 2023: 10 cosas a tener en cuenta al contratar un seguro de viaje | Fundaci\u00f3n Adecose<\/title>\n<meta name=\"robots\" content=\"index, follow, max-snippet:-1, max-image-preview:large, max-video-preview:-1\" \/>\n<link rel=\"canonical\" href=\"https:\/\/www.fundacionadecose.com\/eu\/viajar-en-2023-10-cosas-a-tener-en-cuenta-al-contratar-un-seguro-de-viaje\/\" \/>\n<meta property=\"og:locale\" content=\"eu_ES\" \/>\n<meta property=\"og:type\" content=\"article\" \/>\n<meta property=\"og:title\" content=\"Viajar en 2023: 10 cosas a tener en cuenta al contratar un seguro de viaje | Fundaci\u00f3n Adecose\" \/>\n<meta property=\"og:description\" content=\"[vc_row type=&#8221;in_container&#8221; full_screen_row_position=&#8221;middle&#8221; column_margin=&#8221;default&#8221; column_direction=&#8221;default&#8221; column_direction_tablet=&#8221;default&#8221; column_direction_phone=&#8221;default&#8221; scene_position=&#8221;center&#8221; text_color=&#8221;dark&#8221; text_align=&#8221;left&#8221; row_border_radius=&#8221;none&#8221; row_border_radius_applies=&#8221;bg&#8221; overflow=&#8221;visible&#8221; overlay_strength=&#8221;0.3&#8243; gradient_direction=&#8221;left_to_right&#8221; shape_divider_position=&#8221;bottom&#8221; bg_image_animation=&#8221;none&#8221;][vc_column column_padding=&#8221;no-extra-padding&#8221; column_padding_tablet=&#8221;inherit&#8221; column_padding_phone=&#8221;inherit&#8221; column_padding_position=&#8221;all&#8221; column_element_spacing=&#8221;default&#8221; background_color_opacity=&#8221;1&#8243; background_hover_color_opacity=&#8221;1&#8243; column_shadow=&#8221;none&#8221; column_border_radius=&#8221;none&#8221; column_link_target=&#8221;_self&#8221; column_position=&#8221;default&#8221; gradient_direction=&#8221;left_to_right&#8221; overlay_strength=&#8221;0.3&#8243;...\" \/>\n<meta property=\"og:url\" content=\"https:\/\/www.fundacionadecose.com\/eu\/viajar-en-2023-10-cosas-a-tener-en-cuenta-al-contratar-un-seguro-de-viaje\/\" \/>\n<meta property=\"og:site_name\" content=\"Fundaci\u00f3n Adecose\" \/>\n<meta property=\"article:published_time\" content=\"2023-01-26T14:48:40+00:00\" \/>\n<meta property=\"article:modified_time\" content=\"2023-01-27T12:08:57+00:00\" \/>\n<meta property=\"og:image\" content=\"https:\/\/www.fundacionadecose.com\/wp-content\/uploads\/2023\/01\/seguro-viaje.jpg\" \/>\n\t<meta property=\"og:image:width\" content=\"425\" \/>\n\t<meta property=\"og:image:height\" content=\"312\" \/>\n\t<meta property=\"og:image:type\" content=\"image\/jpeg\" \/>\n<meta name=\"author\" content=\"Comunicaci\u00f3n ADECOSE\" \/>\n<meta name=\"twitter:card\" content=\"summary_large_image\" \/>\n<meta name=\"twitter:label1\" content=\"Written by\" \/>\n\t<meta name=\"twitter:data1\" content=\"Comunicaci\u00f3n ADECOSE\" \/>\n\t<meta name=\"twitter:label2\" content=\"Est. reading time\" \/>\n\t<meta name=\"twitter:data2\" content=\"7 minutes\" \/>\n<script type=\"application\/ld+json\" class=\"yoast-schema-graph\">{\"@context\":\"https:\/\/schema.org\",\"@graph\":[{\"@type\":\"Article\",\"@id\":\"https:\/\/www.fundacionadecose.com\/eu\/viajar-en-2023-10-cosas-a-tener-en-cuenta-al-contratar-un-seguro-de-viaje\/#article\",\"isPartOf\":{\"@id\":\"https:\/\/www.fundacionadecose.com\/eu\/viajar-en-2023-10-cosas-a-tener-en-cuenta-al-contratar-un-seguro-de-viaje\/\"},\"author\":{\"name\":\"Comunicaci\u00f3n ADECOSE\",\"@id\":\"https:\/\/www.fundacionadecose.com\/eu\/#\/schema\/person\/543929658b5f339807ced364e905c8e7\"},\"headline\":\"Viajar en 2023: 10 cosas a tener en cuenta al contratar un seguro de viaje\",\"datePublished\":\"2023-01-26T14:48:40+00:00\",\"dateModified\":\"2023-01-27T12:08:57+00:00\",\"mainEntityOfPage\":{\"@id\":\"https:\/\/www.fundacionadecose.com\/eu\/viajar-en-2023-10-cosas-a-tener-en-cuenta-al-contratar-un-seguro-de-viaje\/\"},\"wordCount\":1411,\"publisher\":{\"@id\":\"https:\/\/www.fundacionadecose.com\/eu\/#organization\"},\"image\":{\"@id\":\"https:\/\/www.fundacionadecose.com\/eu\/viajar-en-2023-10-cosas-a-tener-en-cuenta-al-contratar-un-seguro-de-viaje\/#primaryimage\"},\"thumbnailUrl\":\"https:\/\/www.fundacionadecose.com\/wp-content\/uploads\/2023\/01\/seguro-viaje.jpg\",\"keywords\":[\"Intermundial\"],\"articleSection\":[\"Blog del Broker\"],\"inLanguage\":\"eu-ES\"},{\"@type\":\"WebPage\",\"@id\":\"https:\/\/www.fundacionadecose.com\/eu\/viajar-en-2023-10-cosas-a-tener-en-cuenta-al-contratar-un-seguro-de-viaje\/\",\"url\":\"https:\/\/www.fundacionadecose.com\/eu\/viajar-en-2023-10-cosas-a-tener-en-cuenta-al-contratar-un-seguro-de-viaje\/\",\"name\":\"Viajar en 2023: 10 cosas a tener en cuenta al contratar un seguro de viaje | Fundaci\u00f3n Adecose\",\"isPartOf\":{\"@id\":\"https:\/\/www.fundacionadecose.com\/eu\/#website\"},\"primaryImageOfPage\":{\"@id\":\"https:\/\/www.fundacionadecose.com\/eu\/viajar-en-2023-10-cosas-a-tener-en-cuenta-al-contratar-un-seguro-de-viaje\/#primaryimage\"},\"image\":{\"@id\":\"https:\/\/www.fundacionadecose.com\/eu\/viajar-en-2023-10-cosas-a-tener-en-cuenta-al-contratar-un-seguro-de-viaje\/#primaryimage\"},\"thumbnailUrl\":\"https:\/\/www.fundacionadecose.com\/wp-content\/uploads\/2023\/01\/seguro-viaje.jpg\",\"datePublished\":\"2023-01-26T14:48:40+00:00\",\"dateModified\":\"2023-01-27T12:08:57+00:00\",\"breadcrumb\":{\"@id\":\"https:\/\/www.fundacionadecose.com\/eu\/viajar-en-2023-10-cosas-a-tener-en-cuenta-al-contratar-un-seguro-de-viaje\/#breadcrumb\"},\"inLanguage\":\"eu-ES\",\"potentialAction\":[{\"@type\":\"ReadAction\",\"target\":[\"https:\/\/www.fundacionadecose.com\/eu\/viajar-en-2023-10-cosas-a-tener-en-cuenta-al-contratar-un-seguro-de-viaje\/\"]}]},{\"@type\":\"ImageObject\",\"inLanguage\":\"eu-ES\",\"@id\":\"https:\/\/www.fundacionadecose.com\/eu\/viajar-en-2023-10-cosas-a-tener-en-cuenta-al-contratar-un-seguro-de-viaje\/#primaryimage\",\"url\":\"https:\/\/www.fundacionadecose.com\/wp-content\/uploads\/2023\/01\/seguro-viaje.jpg\",\"contentUrl\":\"https:\/\/www.fundacionadecose.com\/wp-content\/uploads\/2023\/01\/seguro-viaje.jpg\",\"width\":425,\"height\":312},{\"@type\":\"BreadcrumbList\",\"@id\":\"https:\/\/www.fundacionadecose.com\/eu\/viajar-en-2023-10-cosas-a-tener-en-cuenta-al-contratar-un-seguro-de-viaje\/#breadcrumb\",\"itemListElement\":[{\"@type\":\"ListItem\",\"position\":1,\"name\":\"Portada\",\"item\":\"https:\/\/www.fundacionadecose.com\/eu\/\"},{\"@type\":\"ListItem\",\"position\":2,\"name\":\"Viajar en 2023: 10 cosas a tener en cuenta al contratar un seguro de viaje\"}]},{\"@type\":\"WebSite\",\"@id\":\"https:\/\/www.fundacionadecose.com\/eu\/#website\",\"url\":\"https:\/\/www.fundacionadecose.com\/eu\/\",\"name\":\"Fundaci\u00f3n Adecose\",\"description\":\"Donde comienzan los proyectos\",\"publisher\":{\"@id\":\"https:\/\/www.fundacionadecose.com\/eu\/#organization\"},\"potentialAction\":[{\"@type\":\"SearchAction\",\"target\":{\"@type\":\"EntryPoint\",\"urlTemplate\":\"https:\/\/www.fundacionadecose.com\/eu\/?s={search_term_string}\"},\"query-input\":{\"@type\":\"PropertyValueSpecification\",\"valueRequired\":true,\"valueName\":\"search_term_string\"}}],\"inLanguage\":\"eu-ES\"},{\"@type\":\"Organization\",\"@id\":\"https:\/\/www.fundacionadecose.com\/eu\/#organization\",\"name\":\"Fundaci\u00f3n ADECOSE\",\"url\":\"https:\/\/www.fundacionadecose.com\/eu\/\",\"logo\":{\"@type\":\"ImageObject\",\"inLanguage\":\"eu-ES\",\"@id\":\"https:\/\/www.fundacionadecose.com\/eu\/#\/schema\/logo\/image\/\",\"url\":\"https:\/\/www.fundacionadecose.com\/wp-content\/uploads\/2021\/02\/logo-footer.png\",\"contentUrl\":\"https:\/\/www.fundacionadecose.com\/wp-content\/uploads\/2021\/02\/logo-footer.png\",\"width\":309,\"height\":143,\"caption\":\"Fundaci\u00f3n ADECOSE\"},\"image\":{\"@id\":\"https:\/\/www.fundacionadecose.com\/eu\/#\/schema\/logo\/image\/\"}},{\"@type\":\"Person\",\"@id\":\"https:\/\/www.fundacionadecose.com\/eu\/#\/schema\/person\/543929658b5f339807ced364e905c8e7\",\"name\":\"Comunicaci\u00f3n ADECOSE\",\"image\":{\"@type\":\"ImageObject\",\"inLanguage\":\"eu-ES\",\"@id\":\"https:\/\/secure.gravatar.com\/avatar\/01cd1f9571997441bf1da6d1cc147351305f03fe8f2acf1ebbec60ebb26924ce?s=96&d=mm&r=g\",\"url\":\"https:\/\/secure.gravatar.com\/avatar\/01cd1f9571997441bf1da6d1cc147351305f03fe8f2acf1ebbec60ebb26924ce?s=96&d=mm&r=g\",\"contentUrl\":\"https:\/\/secure.gravatar.com\/avatar\/01cd1f9571997441bf1da6d1cc147351305f03fe8f2acf1ebbec60ebb26924ce?s=96&d=mm&r=g\",\"caption\":\"Comunicaci\u00f3n ADECOSE\"}}]}<\/script>\n<!-- \/ Yoast SEO plugin. -->","yoast_head_json":{"title":"Viajar en 2023: 10 cosas a tener en cuenta al contratar un seguro de viaje | Fundaci\u00f3n Adecose","robots":{"index":"index","follow":"follow","max-snippet":"max-snippet:-1","max-image-preview":"max-image-preview:large","max-video-preview":"max-video-preview:-1"},"canonical":"https:\/\/www.fundacionadecose.com\/eu\/viajar-en-2023-10-cosas-a-tener-en-cuenta-al-contratar-un-seguro-de-viaje\/","og_locale":"eu_ES","og_type":"article","og_title":"Viajar en 2023: 10 cosas a tener en cuenta al contratar un seguro de viaje | Fundaci\u00f3n Adecose","og_description":"[vc_row type=&#8221;in_container&#8221; full_screen_row_position=&#8221;middle&#8221; column_margin=&#8221;default&#8221; column_direction=&#8221;default&#8221; column_direction_tablet=&#8221;default&#8221; column_direction_phone=&#8221;default&#8221; scene_position=&#8221;center&#8221; text_color=&#8221;dark&#8221; text_align=&#8221;left&#8221; row_border_radius=&#8221;none&#8221; row_border_radius_applies=&#8221;bg&#8221; overflow=&#8221;visible&#8221; overlay_strength=&#8221;0.3&#8243; gradient_direction=&#8221;left_to_right&#8221; shape_divider_position=&#8221;bottom&#8221; bg_image_animation=&#8221;none&#8221;][vc_column column_padding=&#8221;no-extra-padding&#8221; column_padding_tablet=&#8221;inherit&#8221; column_padding_phone=&#8221;inherit&#8221; column_padding_position=&#8221;all&#8221; column_element_spacing=&#8221;default&#8221; background_color_opacity=&#8221;1&#8243; background_hover_color_opacity=&#8221;1&#8243; column_shadow=&#8221;none&#8221; column_border_radius=&#8221;none&#8221; column_link_target=&#8221;_self&#8221; column_position=&#8221;default&#8221; gradient_direction=&#8221;left_to_right&#8221; overlay_strength=&#8221;0.3&#8243;...","og_url":"https:\/\/www.fundacionadecose.com\/eu\/viajar-en-2023-10-cosas-a-tener-en-cuenta-al-contratar-un-seguro-de-viaje\/","og_site_name":"Fundaci\u00f3n Adecose","article_published_time":"2023-01-26T14:48:40+00:00","article_modified_time":"2023-01-27T12:08:57+00:00","og_image":[{"width":425,"height":312,"url":"https:\/\/www.fundacionadecose.com\/wp-content\/uploads\/2023\/01\/seguro-viaje.jpg","type":"image\/jpeg"}],"author":"Comunicaci\u00f3n ADECOSE","twitter_card":"summary_large_image","twitter_misc":{"Written by":"Comunicaci\u00f3n ADECOSE","Est. reading time":"7 minutes"},"schema":{"@context":"https:\/\/schema.org","@graph":[{"@type":"Article","@id":"https:\/\/www.fundacionadecose.com\/eu\/viajar-en-2023-10-cosas-a-tener-en-cuenta-al-contratar-un-seguro-de-viaje\/#article","isPartOf":{"@id":"https:\/\/www.fundacionadecose.com\/eu\/viajar-en-2023-10-cosas-a-tener-en-cuenta-al-contratar-un-seguro-de-viaje\/"},"author":{"name":"Comunicaci\u00f3n ADECOSE","@id":"https:\/\/www.fundacionadecose.com\/eu\/#\/schema\/person\/543929658b5f339807ced364e905c8e7"},"headline":"Viajar en 2023: 10 cosas a tener en cuenta al contratar un seguro de viaje","datePublished":"2023-01-26T14:48:40+00:00","dateModified":"2023-01-27T12:08:57+00:00","mainEntityOfPage":{"@id":"https:\/\/www.fundacionadecose.com\/eu\/viajar-en-2023-10-cosas-a-tener-en-cuenta-al-contratar-un-seguro-de-viaje\/"},"wordCount":1411,"publisher":{"@id":"https:\/\/www.fundacionadecose.com\/eu\/#organization"},"image":{"@id":"https:\/\/www.fundacionadecose.com\/eu\/viajar-en-2023-10-cosas-a-tener-en-cuenta-al-contratar-un-seguro-de-viaje\/#primaryimage"},"thumbnailUrl":"https:\/\/www.fundacionadecose.com\/wp-content\/uploads\/2023\/01\/seguro-viaje.jpg","keywords":["Intermundial"],"articleSection":["Blog del Broker"],"inLanguage":"eu-ES"},{"@type":"WebPage","@id":"https:\/\/www.fundacionadecose.com\/eu\/viajar-en-2023-10-cosas-a-tener-en-cuenta-al-contratar-un-seguro-de-viaje\/","url":"https:\/\/www.fundacionadecose.com\/eu\/viajar-en-2023-10-cosas-a-tener-en-cuenta-al-contratar-un-seguro-de-viaje\/","name":"Viajar en 2023: 10 cosas a tener en cuenta al contratar un seguro de viaje | Fundaci\u00f3n Adecose","isPartOf":{"@id":"https:\/\/www.fundacionadecose.com\/eu\/#website"},"primaryImageOfPage":{"@id":"https:\/\/www.fundacionadecose.com\/eu\/viajar-en-2023-10-cosas-a-tener-en-cuenta-al-contratar-un-seguro-de-viaje\/#primaryimage"},"image":{"@id":"https:\/\/www.fundacionadecose.com\/eu\/viajar-en-2023-10-cosas-a-tener-en-cuenta-al-contratar-un-seguro-de-viaje\/#primaryimage"},"thumbnailUrl":"https:\/\/www.fundacionadecose.com\/wp-content\/uploads\/2023\/01\/seguro-viaje.jpg","datePublished":"2023-01-26T14:48:40+00:00","dateModified":"2023-01-27T12:08:57+00:00","breadcrumb":{"@id":"https:\/\/www.fundacionadecose.com\/eu\/viajar-en-2023-10-cosas-a-tener-en-cuenta-al-contratar-un-seguro-de-viaje\/#breadcrumb"},"inLanguage":"eu-ES","potentialAction":[{"@type":"ReadAction","target":["https:\/\/www.fundacionadecose.com\/eu\/viajar-en-2023-10-cosas-a-tener-en-cuenta-al-contratar-un-seguro-de-viaje\/"]}]},{"@type":"ImageObject","inLanguage":"eu-ES","@id":"https:\/\/www.fundacionadecose.com\/eu\/viajar-en-2023-10-cosas-a-tener-en-cuenta-al-contratar-un-seguro-de-viaje\/#primaryimage","url":"https:\/\/www.fundacionadecose.com\/wp-content\/uploads\/2023\/01\/seguro-viaje.jpg","contentUrl":"https:\/\/www.fundacionadecose.com\/wp-content\/uploads\/2023\/01\/seguro-viaje.jpg","width":425,"height":312},{"@type":"BreadcrumbList","@id":"https:\/\/www.fundacionadecose.com\/eu\/viajar-en-2023-10-cosas-a-tener-en-cuenta-al-contratar-un-seguro-de-viaje\/#breadcrumb","itemListElement":[{"@type":"ListItem","position":1,"name":"Portada","item":"https:\/\/www.fundacionadecose.com\/eu\/"},{"@type":"ListItem","position":2,"name":"Viajar en 2023: 10 cosas a tener en cuenta al contratar un seguro de viaje"}]},{"@type":"WebSite","@id":"https:\/\/www.fundacionadecose.com\/eu\/#website","url":"https:\/\/www.fundacionadecose.com\/eu\/","name":"Fundaci\u00f3n Adecose","description":"Donde comienzan los proyectos","publisher":{"@id":"https:\/\/www.fundacionadecose.com\/eu\/#organization"},"potentialAction":[{"@type":"SearchAction","target":{"@type":"EntryPoint","urlTemplate":"https:\/\/www.fundacionadecose.com\/eu\/?s={search_term_string}"},"query-input":{"@type":"PropertyValueSpecification","valueRequired":true,"valueName":"search_term_string"}}],"inLanguage":"eu-ES"},{"@type":"Organization","@id":"https:\/\/www.fundacionadecose.com\/eu\/#organization","name":"Fundaci\u00f3n ADECOSE","url":"https:\/\/www.fundacionadecose.com\/eu\/","logo":{"@type":"ImageObject","inLanguage":"eu-ES","@id":"https:\/\/www.fundacionadecose.com\/eu\/#\/schema\/logo\/image\/","url":"https:\/\/www.fundacionadecose.com\/wp-content\/uploads\/2021\/02\/logo-footer.png","contentUrl":"https:\/\/www.fundacionadecose.com\/wp-content\/uploads\/2021\/02\/logo-footer.png","width":309,"height":143,"caption":"Fundaci\u00f3n ADECOSE"},"image":{"@id":"https:\/\/www.fundacionadecose.com\/eu\/#\/schema\/logo\/image\/"}},{"@type":"Person","@id":"https:\/\/www.fundacionadecose.com\/eu\/#\/schema\/person\/543929658b5f339807ced364e905c8e7","name":"Comunicaci\u00f3n ADECOSE","image":{"@type":"ImageObject","inLanguage":"eu-ES","@id":"https:\/\/secure.gravatar.com\/avatar\/01cd1f9571997441bf1da6d1cc147351305f03fe8f2acf1ebbec60ebb26924ce?s=96&d=mm&r=g","url":"https:\/\/secure.gravatar.com\/avatar\/01cd1f9571997441bf1da6d1cc147351305f03fe8f2acf1ebbec60ebb26924ce?s=96&d=mm&r=g","contentUrl":"https:\/\/secure.gravatar.com\/avatar\/01cd1f9571997441bf1da6d1cc147351305f03fe8f2acf1ebbec60ebb26924ce?s=96&d=mm&r=g","caption":"Comunicaci\u00f3n ADECOSE"}}]}},"_links":{"self":[{"href":"https:\/\/www.fundacionadecose.com\/eu\/wp-json\/wp\/v2\/posts\/4224","targetHints":{"allow":["GET"]}}],"collection":[{"href":"https:\/\/www.fundacionadecose.com\/eu\/wp-json\/wp\/v2\/posts"}],"about":[{"href":"https:\/\/www.fundacionadecose.com\/eu\/wp-json\/wp\/v2\/types\/post"}],"author":[{"embeddable":true,"href":"https:\/\/www.fundacionadecose.com\/eu\/wp-json\/wp\/v2\/users\/186"}],"replies":[{"embeddable":true,"href":"https:\/\/www.fundacionadecose.com\/eu\/wp-json\/wp\/v2\/comments?post=4224"}],"version-history":[{"count":5,"href":"https:\/\/www.fundacionadecose.com\/eu\/wp-json\/wp\/v2\/posts\/4224\/revisions"}],"predecessor-version":[{"id":4235,"href":"https:\/\/www.fundacionadecose.com\/eu\/wp-json\/wp\/v2\/posts\/4224\/revisions\/4235"}],"wp:featuredmedia":[{"embeddable":true,"href":"https:\/\/www.fundacionadecose.com\/eu\/wp-json\/wp\/v2\/media\/4229"}],"wp:attachment":[{"href":"https:\/\/www.fundacionadecose.com\/eu\/wp-json\/wp\/v2\/media?parent=4224"}],"wp:term":[{"taxonomy":"category","embeddable":true,"href":"https:\/\/www.fundacionadecose.com\/eu\/wp-json\/wp\/v2\/categories?post=4224"},{"taxonomy":"post_tag","embeddable":true,"href":"https:\/\/www.fundacionadecose.com\/eu\/wp-json\/wp\/v2\/tags?post=4224"}],"curies":[{"name":"wp","href":"https:\/\/api.w.org\/{rel}","templated":true}]}}