{"id":6603,"date":"2026-04-29T14:49:34","date_gmt":"2026-04-29T14:49:34","guid":{"rendered":"https:\/\/www.fundacionadecose.com\/?p=6603"},"modified":"2026-04-29T14:49:34","modified_gmt":"2026-04-29T14:49:34","slug":"el-sector-asegurador-refuerza-la-fp-dual-en-seguros-con-una-nueva-web","status":"publish","type":"post","link":"https:\/\/www.fundacionadecose.com\/eu\/el-sector-asegurador-refuerza-la-fp-dual-en-seguros-con-una-nueva-web\/","title":{"rendered":"El sector asegurador refuerza la FP Dual en Seguros con una nueva web"},"content":{"rendered":"[vc_row type=&#8221;in_container&#8221; full_screen_row_position=&#8221;middle&#8221; column_margin=&#8221;default&#8221; column_direction=&#8221;default&#8221; column_direction_tablet=&#8221;default&#8221; column_direction_phone=&#8221;default&#8221; scene_position=&#8221;center&#8221; text_color=&#8221;dark&#8221; text_align=&#8221;left&#8221; row_border_radius=&#8221;none&#8221; row_border_radius_applies=&#8221;bg&#8221; row_position_desktop=&#8221;default&#8221; row_position_tablet=&#8221;inherit&#8221; row_position_phone=&#8221;inherit&#8221; overflow=&#8221;visible&#8221; overlay_strength=&#8221;0.3&#8243; gradient_direction=&#8221;left_to_right&#8221; shape_divider_position=&#8221;bottom&#8221; bg_image_animation=&#8221;none&#8221;][vc_column column_padding=&#8221;no-extra-padding&#8221; column_padding_tablet=&#8221;inherit&#8221; column_padding_phone=&#8221;inherit&#8221; column_padding_position=&#8221;all&#8221; flex_gap_desktop=&#8221;10px&#8221; column_element_direction_desktop=&#8221;default&#8221; column_element_spacing=&#8221;default&#8221; desktop_text_alignment=&#8221;default&#8221; tablet_text_alignment=&#8221;default&#8221; phone_text_alignment=&#8221;default&#8221; background_color_opacity=&#8221;1&#8243; background_hover_color_opacity=&#8221;1&#8243; column_backdrop_filter=&#8221;none&#8221; column_shadow=&#8221;none&#8221; column_border_radius=&#8221;none&#8221; column_link_target=&#8221;_self&#8221; column_position=&#8221;default&#8221; gradient_direction=&#8221;left_to_right&#8221; overlay_strength=&#8221;0.3&#8243; width=&#8221;1\/1&#8243; tablet_width_inherit=&#8221;default&#8221; animation_type=&#8221;default&#8221; bg_image_animation=&#8221;none&#8221; border_type=&#8221;simple&#8221; column_border_width=&#8221;none&#8221; column_border_style=&#8221;solid&#8221;][vc_column_text css=&#8221;&#8221; text_direction=&#8221;default&#8221;]\n<ul>\n<li>La FP Dual en Seguros suma 559 alumnos graduados desde 2020<\/li>\n<\/ul>\n<ul class=\"ul1\">\n<li class=\"li3\">En el proyecto participan las principales organizaciones representativas de <span class=\"s1\"><b>la mediaci\u00f3n, los actuarios y UNESPA<\/b><\/span><\/li>\n<\/ul>\n<p class=\"p2\">El sector asegurador ha renovado la web de la <span class=\"s2\">Formaci\u00f3n Profesional Dual en Seguros<\/span>, el portal que re\u00fane toda la informaci\u00f3n sobre esta titulaci\u00f3n impulsada por la mediaci\u00f3n de seguros, los actuarios y UNESPA.<\/p>\n<p class=\"p2\">El nuevo dise\u00f1o apuesta por una l\u00ednea gr\u00e1fica m\u00e1s limpia y sencilla, alineada con los criterios de claridad y accesibilidad. As\u00ed mismo, se ha optimizado la navegabilidad del sitio para facilitar la consulta de contenidos y mejorar la experiencia de los usuarios.<\/p>\n<p class=\"p2\">Se pondr\u00e1 en marcha una campa\u00f1a de comunicaci\u00f3n centrada en el entorno digital con el objetivo de dar a conocer esta titulaci\u00f3n entre los potenciales alumnos, principalmente a trav\u00e9s de redes sociales y contenidos nativos. La iniciativa se desarrollar\u00e1 entre los meses de abril y septiembre del a\u00f1o en curso. La campa\u00f1a se dirigir\u00e1 tanto a j\u00f3venes que est\u00e9n finalizando la Educaci\u00f3n Secundaria Obligatoria (ESO), el Bachillerato o FP de Grado Medio, como a sus familias y a personas con experiencia laboral que deseen reorientar su carrera profesional hacia la industria aseguradora.<\/p>\n<p class=\"p2\">La FP Dual en Seguros tiene como finalidad preparar a los futuros profesionales del sector mediante un modelo de ense\u00f1anza que combina la formaci\u00f3n acad\u00e9mica en el centro educativo con estancias de formaci\u00f3n en empresas aseguradoras. El objetivo \u00faltimo es atraer talento y facilitar la inserci\u00f3n laboral de los j\u00f3venes en un sector que se caracteriza por ofrecer empleo estable y de calidad.<\/p>\n<p class=\"p2\">El programa incorpora al Grado Superior en Administraci\u00f3n y Finanzas, formaci\u00f3n complementaria espec\u00edfica en materia aseguradora. Al finalizar sus estudios, los alumnos obtienen, adem\u00e1s del t\u00edtulo oficial de grado superior, la acreditaci\u00f3n como mediadores de seguros nivel 2.<\/p>\n<p class=\"p2\">Actualmente, La FP Dual en Seguros se imparte en una decena de institutos ubicados en las provincias de Barcelona, Madrid, Lleida, Sevilla y Valencia. Desde el lanzamiento de este proyecto sectorial, se han graduado un total de 559 alumnos, de los cuales 139 corresponden al curso 2024-2025.<\/p>\n<p class=\"p2\">La promoci\u00f3n y el impulso de la FP Dual en Seguros cuenta con la participaci\u00f3n de la Asociaci\u00f3n Empresarial de Mediadores de Seguros (AEMES), el Col\u00b7legi d\u2019Actuaris de Catalunya, el Consejo General de Colegios de Mediadores de Seguros de Espa\u00f1a y diversos colegios provinciales (Barcelona, Girona, Lleida, Madrid, Sevilla y Valencia), as\u00ed como la Fundaci\u00f3n ADECOSE, Federaci\u00f3n de Asociaciones y Organizaciones Profesionales de Corredores y Corredur\u00edas de Seguros de Espa\u00f1a (FECOR), la Fundaci\u00f3n Bertelsmann, Investigaci\u00f3n Cooperativa de Entidades Aseguradoras (ICEA), el Instituto de Actuarios Espa\u00f1oles (IAE) y la Uni\u00f3n Espa\u00f1ola de Aseguradoras y Reaseguradoras (UNESPA).<\/p>\n<p class=\"p2\">La difusi\u00f3n de esta formaci\u00f3n con menci\u00f3n en seguros es posible gracias al apoyo de la Fundaci\u00f3n Mapfre y Z Zurich Foundation.<\/p>\n[\/vc_column_text][\/vc_column][\/vc_row]\n","protected":false},"excerpt":{"rendered":"<p>[vc_row type=&#8221;in_container&#8221; full_screen_row_position=&#8221;middle&#8221; column_margin=&#8221;default&#8221; column_direction=&#8221;default&#8221; column_direction_tablet=&#8221;default&#8221; column_direction_phone=&#8221;default&#8221; scene_position=&#8221;center&#8221; text_color=&#8221;dark&#8221; text_align=&#8221;left&#8221; row_border_radius=&#8221;none&#8221; row_border_radius_applies=&#8221;bg&#8221; row_position_desktop=&#8221;default&#8221; row_position_tablet=&#8221;inherit&#8221; row_position_phone=&#8221;inherit&#8221; overflow=&#8221;visible&#8221; overlay_strength=&#8221;0.3&#8243; gradient_direction=&#8221;left_to_right&#8221; shape_divider_position=&#8221;bottom&#8221; bg_image_animation=&#8221;none&#8221;][vc_column column_padding=&#8221;no-extra-padding&#8221; column_padding_tablet=&#8221;inherit&#8221; column_padding_phone=&#8221;inherit&#8221; column_padding_position=&#8221;all&#8221; flex_gap_desktop=&#8221;10px&#8221; column_element_direction_desktop=&#8221;default&#8221; column_element_spacing=&#8221;default&#8221; desktop_text_alignment=&#8221;default&#8221; tablet_text_alignment=&#8221;default&#8221; phone_text_alignment=&#8221;default&#8221;&#8230;<\/p>\n","protected":false},"author":186,"featured_media":6604,"comment_status":"closed","ping_status":"open","sticky":false,"template":"","format":"standard","meta":{"footnotes":""},"categories":[5],"tags":[15,153,121,149,154],"class_list":{"0":"post-6603","1":"post","2":"type-post","3":"status-publish","4":"format-standard","5":"has-post-thumbnail","7":"category-notas-de-prensa","8":"tag-formacion","9":"tag-fp-dual","10":"tag-fundacion-adecose","11":"tag-sector-asegurador","12":"tag-unespa"},"yoast_head":"<!-- This site is optimized with the Yoast SEO plugin v27.2 - https:\/\/yoast.com\/product\/yoast-seo-wordpress\/ -->\n<title>El sector asegurador refuerza la FP Dual en Seguros con una nueva web | Fundaci\u00f3n Adecose<\/title>\n<meta name=\"robots\" content=\"index, follow, max-snippet:-1, max-image-preview:large, max-video-preview:-1\" \/>\n<link rel=\"canonical\" href=\"https:\/\/www.fundacionadecose.com\/eu\/el-sector-asegurador-refuerza-la-fp-dual-en-seguros-con-una-nueva-web\/\" \/>\n<meta property=\"og:locale\" content=\"eu_ES\" \/>\n<meta property=\"og:type\" content=\"article\" \/>\n<meta property=\"og:title\" content=\"El sector asegurador refuerza la FP Dual en Seguros con una nueva web | Fundaci\u00f3n Adecose\" \/>\n<meta property=\"og:description\" content=\"[vc_row type=&#8221;in_container&#8221; full_screen_row_position=&#8221;middle&#8221; column_margin=&#8221;default&#8221; column_direction=&#8221;default&#8221; column_direction_tablet=&#8221;default&#8221; column_direction_phone=&#8221;default&#8221; scene_position=&#8221;center&#8221; text_color=&#8221;dark&#8221; text_align=&#8221;left&#8221; row_border_radius=&#8221;none&#8221; row_border_radius_applies=&#8221;bg&#8221; row_position_desktop=&#8221;default&#8221; row_position_tablet=&#8221;inherit&#8221; row_position_phone=&#8221;inherit&#8221; overflow=&#8221;visible&#8221; overlay_strength=&#8221;0.3&#8243; gradient_direction=&#8221;left_to_right&#8221; shape_divider_position=&#8221;bottom&#8221; bg_image_animation=&#8221;none&#8221;][vc_column column_padding=&#8221;no-extra-padding&#8221; column_padding_tablet=&#8221;inherit&#8221; column_padding_phone=&#8221;inherit&#8221; column_padding_position=&#8221;all&#8221; flex_gap_desktop=&#8221;10px&#8221; column_element_direction_desktop=&#8221;default&#8221; column_element_spacing=&#8221;default&#8221; desktop_text_alignment=&#8221;default&#8221; tablet_text_alignment=&#8221;default&#8221; phone_text_alignment=&#8221;default&#8221;...\" \/>\n<meta property=\"og:url\" content=\"https:\/\/www.fundacionadecose.com\/eu\/el-sector-asegurador-refuerza-la-fp-dual-en-seguros-con-una-nueva-web\/\" \/>\n<meta property=\"og:site_name\" content=\"Fundaci\u00f3n Adecose\" \/>\n<meta property=\"article:published_time\" content=\"2026-04-29T14:49:34+00:00\" \/>\n<meta property=\"og:image\" content=\"https:\/\/www.fundacionadecose.com\/wp-content\/uploads\/2026\/04\/Recurso-pc.jpg\" \/>\n\t<meta property=\"og:image:width\" content=\"800\" \/>\n\t<meta property=\"og:image:height\" content=\"533\" \/>\n\t<meta property=\"og:image:type\" content=\"image\/jpeg\" \/>\n<meta name=\"author\" content=\"Comunicaci\u00f3n ADECOSE\" \/>\n<meta name=\"twitter:card\" content=\"summary_large_image\" \/>\n<meta name=\"twitter:label1\" content=\"Written by\" \/>\n\t<meta name=\"twitter:data1\" content=\"Comunicaci\u00f3n ADECOSE\" \/>\n\t<meta name=\"twitter:label2\" content=\"Est. reading time\" \/>\n\t<meta name=\"twitter:data2\" content=\"3 minutes\" \/>\n<script type=\"application\/ld+json\" class=\"yoast-schema-graph\">{\"@context\":\"https:\/\/schema.org\",\"@graph\":[{\"@type\":\"Article\",\"@id\":\"https:\/\/www.fundacionadecose.com\/eu\/el-sector-asegurador-refuerza-la-fp-dual-en-seguros-con-una-nueva-web\/#article\",\"isPartOf\":{\"@id\":\"https:\/\/www.fundacionadecose.com\/eu\/el-sector-asegurador-refuerza-la-fp-dual-en-seguros-con-una-nueva-web\/\"},\"author\":{\"name\":\"Comunicaci\u00f3n ADECOSE\",\"@id\":\"https:\/\/www.fundacionadecose.com\/eu\/#\/schema\/person\/543929658b5f339807ced364e905c8e7\"},\"headline\":\"El sector asegurador refuerza la FP Dual en Seguros con una nueva web\",\"datePublished\":\"2026-04-29T14:49:34+00:00\",\"mainEntityOfPage\":{\"@id\":\"https:\/\/www.fundacionadecose.com\/eu\/el-sector-asegurador-refuerza-la-fp-dual-en-seguros-con-una-nueva-web\/\"},\"wordCount\":699,\"publisher\":{\"@id\":\"https:\/\/www.fundacionadecose.com\/eu\/#organization\"},\"image\":{\"@id\":\"https:\/\/www.fundacionadecose.com\/eu\/el-sector-asegurador-refuerza-la-fp-dual-en-seguros-con-una-nueva-web\/#primaryimage\"},\"thumbnailUrl\":\"https:\/\/www.fundacionadecose.com\/wp-content\/uploads\/2026\/04\/Recurso-pc.jpg\",\"keywords\":[\"Formaci\u00f3n\",\"FP Dual\",\"Fundaci\u00f3n ADECOSE\",\"Sector Asegurador\",\"Unespa\"],\"articleSection\":[\"Nota de prensa\"],\"inLanguage\":\"eu-ES\"},{\"@type\":\"WebPage\",\"@id\":\"https:\/\/www.fundacionadecose.com\/eu\/el-sector-asegurador-refuerza-la-fp-dual-en-seguros-con-una-nueva-web\/\",\"url\":\"https:\/\/www.fundacionadecose.com\/eu\/el-sector-asegurador-refuerza-la-fp-dual-en-seguros-con-una-nueva-web\/\",\"name\":\"El sector asegurador refuerza la FP Dual en Seguros con una nueva web | Fundaci\u00f3n Adecose\",\"isPartOf\":{\"@id\":\"https:\/\/www.fundacionadecose.com\/eu\/#website\"},\"primaryImageOfPage\":{\"@id\":\"https:\/\/www.fundacionadecose.com\/eu\/el-sector-asegurador-refuerza-la-fp-dual-en-seguros-con-una-nueva-web\/#primaryimage\"},\"image\":{\"@id\":\"https:\/\/www.fundacionadecose.com\/eu\/el-sector-asegurador-refuerza-la-fp-dual-en-seguros-con-una-nueva-web\/#primaryimage\"},\"thumbnailUrl\":\"https:\/\/www.fundacionadecose.com\/wp-content\/uploads\/2026\/04\/Recurso-pc.jpg\",\"datePublished\":\"2026-04-29T14:49:34+00:00\",\"breadcrumb\":{\"@id\":\"https:\/\/www.fundacionadecose.com\/eu\/el-sector-asegurador-refuerza-la-fp-dual-en-seguros-con-una-nueva-web\/#breadcrumb\"},\"inLanguage\":\"eu-ES\",\"potentialAction\":[{\"@type\":\"ReadAction\",\"target\":[\"https:\/\/www.fundacionadecose.com\/eu\/el-sector-asegurador-refuerza-la-fp-dual-en-seguros-con-una-nueva-web\/\"]}]},{\"@type\":\"ImageObject\",\"inLanguage\":\"eu-ES\",\"@id\":\"https:\/\/www.fundacionadecose.com\/eu\/el-sector-asegurador-refuerza-la-fp-dual-en-seguros-con-una-nueva-web\/#primaryimage\",\"url\":\"https:\/\/www.fundacionadecose.com\/wp-content\/uploads\/2026\/04\/Recurso-pc.jpg\",\"contentUrl\":\"https:\/\/www.fundacionadecose.com\/wp-content\/uploads\/2026\/04\/Recurso-pc.jpg\",\"width\":800,\"height\":533},{\"@type\":\"BreadcrumbList\",\"@id\":\"https:\/\/www.fundacionadecose.com\/eu\/el-sector-asegurador-refuerza-la-fp-dual-en-seguros-con-una-nueva-web\/#breadcrumb\",\"itemListElement\":[{\"@type\":\"ListItem\",\"position\":1,\"name\":\"Portada\",\"item\":\"https:\/\/www.fundacionadecose.com\/eu\/\"},{\"@type\":\"ListItem\",\"position\":2,\"name\":\"El sector asegurador refuerza la FP Dual en Seguros con una nueva web\"}]},{\"@type\":\"WebSite\",\"@id\":\"https:\/\/www.fundacionadecose.com\/eu\/#website\",\"url\":\"https:\/\/www.fundacionadecose.com\/eu\/\",\"name\":\"Fundaci\u00f3n Adecose\",\"description\":\"Donde comienzan los proyectos\",\"publisher\":{\"@id\":\"https:\/\/www.fundacionadecose.com\/eu\/#organization\"},\"potentialAction\":[{\"@type\":\"SearchAction\",\"target\":{\"@type\":\"EntryPoint\",\"urlTemplate\":\"https:\/\/www.fundacionadecose.com\/eu\/?s={search_term_string}\"},\"query-input\":{\"@type\":\"PropertyValueSpecification\",\"valueRequired\":true,\"valueName\":\"search_term_string\"}}],\"inLanguage\":\"eu-ES\"},{\"@type\":\"Organization\",\"@id\":\"https:\/\/www.fundacionadecose.com\/eu\/#organization\",\"name\":\"Fundaci\u00f3n ADECOSE\",\"url\":\"https:\/\/www.fundacionadecose.com\/eu\/\",\"logo\":{\"@type\":\"ImageObject\",\"inLanguage\":\"eu-ES\",\"@id\":\"https:\/\/www.fundacionadecose.com\/eu\/#\/schema\/logo\/image\/\",\"url\":\"https:\/\/www.fundacionadecose.com\/wp-content\/uploads\/2021\/02\/logo-footer.png\",\"contentUrl\":\"https:\/\/www.fundacionadecose.com\/wp-content\/uploads\/2021\/02\/logo-footer.png\",\"width\":309,\"height\":143,\"caption\":\"Fundaci\u00f3n ADECOSE\"},\"image\":{\"@id\":\"https:\/\/www.fundacionadecose.com\/eu\/#\/schema\/logo\/image\/\"}},{\"@type\":\"Person\",\"@id\":\"https:\/\/www.fundacionadecose.com\/eu\/#\/schema\/person\/543929658b5f339807ced364e905c8e7\",\"name\":\"Comunicaci\u00f3n ADECOSE\",\"image\":{\"@type\":\"ImageObject\",\"inLanguage\":\"eu-ES\",\"@id\":\"https:\/\/secure.gravatar.com\/avatar\/01cd1f9571997441bf1da6d1cc147351305f03fe8f2acf1ebbec60ebb26924ce?s=96&d=mm&r=g\",\"url\":\"https:\/\/secure.gravatar.com\/avatar\/01cd1f9571997441bf1da6d1cc147351305f03fe8f2acf1ebbec60ebb26924ce?s=96&d=mm&r=g\",\"contentUrl\":\"https:\/\/secure.gravatar.com\/avatar\/01cd1f9571997441bf1da6d1cc147351305f03fe8f2acf1ebbec60ebb26924ce?s=96&d=mm&r=g\",\"caption\":\"Comunicaci\u00f3n ADECOSE\"}}]}<\/script>\n<!-- \/ Yoast SEO plugin. -->","yoast_head_json":{"title":"El sector asegurador refuerza la FP Dual en Seguros con una nueva web | Fundaci\u00f3n Adecose","robots":{"index":"index","follow":"follow","max-snippet":"max-snippet:-1","max-image-preview":"max-image-preview:large","max-video-preview":"max-video-preview:-1"},"canonical":"https:\/\/www.fundacionadecose.com\/eu\/el-sector-asegurador-refuerza-la-fp-dual-en-seguros-con-una-nueva-web\/","og_locale":"eu_ES","og_type":"article","og_title":"El sector asegurador refuerza la FP Dual en Seguros con una nueva web | Fundaci\u00f3n Adecose","og_description":"[vc_row type=&#8221;in_container&#8221; full_screen_row_position=&#8221;middle&#8221; column_margin=&#8221;default&#8221; column_direction=&#8221;default&#8221; column_direction_tablet=&#8221;default&#8221; column_direction_phone=&#8221;default&#8221; scene_position=&#8221;center&#8221; text_color=&#8221;dark&#8221; text_align=&#8221;left&#8221; row_border_radius=&#8221;none&#8221; row_border_radius_applies=&#8221;bg&#8221; row_position_desktop=&#8221;default&#8221; row_position_tablet=&#8221;inherit&#8221; row_position_phone=&#8221;inherit&#8221; overflow=&#8221;visible&#8221; overlay_strength=&#8221;0.3&#8243; gradient_direction=&#8221;left_to_right&#8221; shape_divider_position=&#8221;bottom&#8221; bg_image_animation=&#8221;none&#8221;][vc_column column_padding=&#8221;no-extra-padding&#8221; column_padding_tablet=&#8221;inherit&#8221; column_padding_phone=&#8221;inherit&#8221; column_padding_position=&#8221;all&#8221; flex_gap_desktop=&#8221;10px&#8221; column_element_direction_desktop=&#8221;default&#8221; column_element_spacing=&#8221;default&#8221; desktop_text_alignment=&#8221;default&#8221; tablet_text_alignment=&#8221;default&#8221; phone_text_alignment=&#8221;default&#8221;...","og_url":"https:\/\/www.fundacionadecose.com\/eu\/el-sector-asegurador-refuerza-la-fp-dual-en-seguros-con-una-nueva-web\/","og_site_name":"Fundaci\u00f3n Adecose","article_published_time":"2026-04-29T14:49:34+00:00","og_image":[{"width":800,"height":533,"url":"https:\/\/www.fundacionadecose.com\/wp-content\/uploads\/2026\/04\/Recurso-pc.jpg","type":"image\/jpeg"}],"author":"Comunicaci\u00f3n ADECOSE","twitter_card":"summary_large_image","twitter_misc":{"Written by":"Comunicaci\u00f3n ADECOSE","Est. reading time":"3 minutes"},"schema":{"@context":"https:\/\/schema.org","@graph":[{"@type":"Article","@id":"https:\/\/www.fundacionadecose.com\/eu\/el-sector-asegurador-refuerza-la-fp-dual-en-seguros-con-una-nueva-web\/#article","isPartOf":{"@id":"https:\/\/www.fundacionadecose.com\/eu\/el-sector-asegurador-refuerza-la-fp-dual-en-seguros-con-una-nueva-web\/"},"author":{"name":"Comunicaci\u00f3n ADECOSE","@id":"https:\/\/www.fundacionadecose.com\/eu\/#\/schema\/person\/543929658b5f339807ced364e905c8e7"},"headline":"El sector asegurador refuerza la FP Dual en Seguros con una nueva web","datePublished":"2026-04-29T14:49:34+00:00","mainEntityOfPage":{"@id":"https:\/\/www.fundacionadecose.com\/eu\/el-sector-asegurador-refuerza-la-fp-dual-en-seguros-con-una-nueva-web\/"},"wordCount":699,"publisher":{"@id":"https:\/\/www.fundacionadecose.com\/eu\/#organization"},"image":{"@id":"https:\/\/www.fundacionadecose.com\/eu\/el-sector-asegurador-refuerza-la-fp-dual-en-seguros-con-una-nueva-web\/#primaryimage"},"thumbnailUrl":"https:\/\/www.fundacionadecose.com\/wp-content\/uploads\/2026\/04\/Recurso-pc.jpg","keywords":["Formaci\u00f3n","FP Dual","Fundaci\u00f3n ADECOSE","Sector Asegurador","Unespa"],"articleSection":["Nota de prensa"],"inLanguage":"eu-ES"},{"@type":"WebPage","@id":"https:\/\/www.fundacionadecose.com\/eu\/el-sector-asegurador-refuerza-la-fp-dual-en-seguros-con-una-nueva-web\/","url":"https:\/\/www.fundacionadecose.com\/eu\/el-sector-asegurador-refuerza-la-fp-dual-en-seguros-con-una-nueva-web\/","name":"El sector asegurador refuerza la FP Dual en Seguros con una nueva web | Fundaci\u00f3n Adecose","isPartOf":{"@id":"https:\/\/www.fundacionadecose.com\/eu\/#website"},"primaryImageOfPage":{"@id":"https:\/\/www.fundacionadecose.com\/eu\/el-sector-asegurador-refuerza-la-fp-dual-en-seguros-con-una-nueva-web\/#primaryimage"},"image":{"@id":"https:\/\/www.fundacionadecose.com\/eu\/el-sector-asegurador-refuerza-la-fp-dual-en-seguros-con-una-nueva-web\/#primaryimage"},"thumbnailUrl":"https:\/\/www.fundacionadecose.com\/wp-content\/uploads\/2026\/04\/Recurso-pc.jpg","datePublished":"2026-04-29T14:49:34+00:00","breadcrumb":{"@id":"https:\/\/www.fundacionadecose.com\/eu\/el-sector-asegurador-refuerza-la-fp-dual-en-seguros-con-una-nueva-web\/#breadcrumb"},"inLanguage":"eu-ES","potentialAction":[{"@type":"ReadAction","target":["https:\/\/www.fundacionadecose.com\/eu\/el-sector-asegurador-refuerza-la-fp-dual-en-seguros-con-una-nueva-web\/"]}]},{"@type":"ImageObject","inLanguage":"eu-ES","@id":"https:\/\/www.fundacionadecose.com\/eu\/el-sector-asegurador-refuerza-la-fp-dual-en-seguros-con-una-nueva-web\/#primaryimage","url":"https:\/\/www.fundacionadecose.com\/wp-content\/uploads\/2026\/04\/Recurso-pc.jpg","contentUrl":"https:\/\/www.fundacionadecose.com\/wp-content\/uploads\/2026\/04\/Recurso-pc.jpg","width":800,"height":533},{"@type":"BreadcrumbList","@id":"https:\/\/www.fundacionadecose.com\/eu\/el-sector-asegurador-refuerza-la-fp-dual-en-seguros-con-una-nueva-web\/#breadcrumb","itemListElement":[{"@type":"ListItem","position":1,"name":"Portada","item":"https:\/\/www.fundacionadecose.com\/eu\/"},{"@type":"ListItem","position":2,"name":"El sector asegurador refuerza la FP Dual en Seguros con una nueva web"}]},{"@type":"WebSite","@id":"https:\/\/www.fundacionadecose.com\/eu\/#website","url":"https:\/\/www.fundacionadecose.com\/eu\/","name":"Fundaci\u00f3n Adecose","description":"Donde comienzan los proyectos","publisher":{"@id":"https:\/\/www.fundacionadecose.com\/eu\/#organization"},"potentialAction":[{"@type":"SearchAction","target":{"@type":"EntryPoint","urlTemplate":"https:\/\/www.fundacionadecose.com\/eu\/?s={search_term_string}"},"query-input":{"@type":"PropertyValueSpecification","valueRequired":true,"valueName":"search_term_string"}}],"inLanguage":"eu-ES"},{"@type":"Organization","@id":"https:\/\/www.fundacionadecose.com\/eu\/#organization","name":"Fundaci\u00f3n ADECOSE","url":"https:\/\/www.fundacionadecose.com\/eu\/","logo":{"@type":"ImageObject","inLanguage":"eu-ES","@id":"https:\/\/www.fundacionadecose.com\/eu\/#\/schema\/logo\/image\/","url":"https:\/\/www.fundacionadecose.com\/wp-content\/uploads\/2021\/02\/logo-footer.png","contentUrl":"https:\/\/www.fundacionadecose.com\/wp-content\/uploads\/2021\/02\/logo-footer.png","width":309,"height":143,"caption":"Fundaci\u00f3n ADECOSE"},"image":{"@id":"https:\/\/www.fundacionadecose.com\/eu\/#\/schema\/logo\/image\/"}},{"@type":"Person","@id":"https:\/\/www.fundacionadecose.com\/eu\/#\/schema\/person\/543929658b5f339807ced364e905c8e7","name":"Comunicaci\u00f3n ADECOSE","image":{"@type":"ImageObject","inLanguage":"eu-ES","@id":"https:\/\/secure.gravatar.com\/avatar\/01cd1f9571997441bf1da6d1cc147351305f03fe8f2acf1ebbec60ebb26924ce?s=96&d=mm&r=g","url":"https:\/\/secure.gravatar.com\/avatar\/01cd1f9571997441bf1da6d1cc147351305f03fe8f2acf1ebbec60ebb26924ce?s=96&d=mm&r=g","contentUrl":"https:\/\/secure.gravatar.com\/avatar\/01cd1f9571997441bf1da6d1cc147351305f03fe8f2acf1ebbec60ebb26924ce?s=96&d=mm&r=g","caption":"Comunicaci\u00f3n ADECOSE"}}]}},"_links":{"self":[{"href":"https:\/\/www.fundacionadecose.com\/eu\/wp-json\/wp\/v2\/posts\/6603","targetHints":{"allow":["GET"]}}],"collection":[{"href":"https:\/\/www.fundacionadecose.com\/eu\/wp-json\/wp\/v2\/posts"}],"about":[{"href":"https:\/\/www.fundacionadecose.com\/eu\/wp-json\/wp\/v2\/types\/post"}],"author":[{"embeddable":true,"href":"https:\/\/www.fundacionadecose.com\/eu\/wp-json\/wp\/v2\/users\/186"}],"replies":[{"embeddable":true,"href":"https:\/\/www.fundacionadecose.com\/eu\/wp-json\/wp\/v2\/comments?post=6603"}],"version-history":[{"count":1,"href":"https:\/\/www.fundacionadecose.com\/eu\/wp-json\/wp\/v2\/posts\/6603\/revisions"}],"predecessor-version":[{"id":6605,"href":"https:\/\/www.fundacionadecose.com\/eu\/wp-json\/wp\/v2\/posts\/6603\/revisions\/6605"}],"wp:featuredmedia":[{"embeddable":true,"href":"https:\/\/www.fundacionadecose.com\/eu\/wp-json\/wp\/v2\/media\/6604"}],"wp:attachment":[{"href":"https:\/\/www.fundacionadecose.com\/eu\/wp-json\/wp\/v2\/media?parent=6603"}],"wp:term":[{"taxonomy":"category","embeddable":true,"href":"https:\/\/www.fundacionadecose.com\/eu\/wp-json\/wp\/v2\/categories?post=6603"},{"taxonomy":"post_tag","embeddable":true,"href":"https:\/\/www.fundacionadecose.com\/eu\/wp-json\/wp\/v2\/tags?post=6603"}],"curies":[{"name":"wp","href":"https:\/\/api.w.org\/{rel}","templated":true}]}}