{"id":1050,"date":"2020-09-14T01:04:00","date_gmt":"2020-09-14T01:04:00","guid":{"rendered":"https:\/\/www.fundacionadecose.com\/?p=1050"},"modified":"2021-03-04T09:22:02","modified_gmt":"2021-03-04T09:22:02","slug":"oscar-bustos-gerente-de-la-agrupacion-convenio-rc-corredores-analiza-la-gerencia-de-riesgos-en-la-actividad-de-mediacion-en-adecose-webinars","status":"publish","type":"post","link":"https:\/\/www.fundacionadecose.com\/gl\/oscar-bustos-gerente-de-la-agrupacion-convenio-rc-corredores-analiza-la-gerencia-de-riesgos-en-la-actividad-de-mediacion-en-adecose-webinars\/","title":{"rendered":"\u00d3scar Bustos, gerente de la Agrupaci\u00f3n Convenio RC Corredores, analiza la gerencia de riesgos en la actividad de mediaci\u00f3n en ADECOSE webinars"},"content":{"rendered":"\n<p class=\"has-text-align-center\"><em>La Agrupaci\u00f3n ha registrado 2.300 siniestros desde 1993 y una tendencia de siniestralidad ascendente \u201cpreocupante\u201d en los \u00faltimos cinco a\u00f1os.<\/em><\/p>\n\n\n\n<p>ADECOSE ha reanudado su programa de webinars con una nueva sesi\u00f3n que ha contado con la intervenci\u00f3n de \u00d3scar Bustos, gerente de la Agrupaci\u00f3n Convenio RC Corredores, com\u00fanmente conocido como Pool de RC Corredores. En este seminario, moderado por Mart\u00edn Navaz, presidente de ADECOSE, Bustos ha analizado los datos y la evoluci\u00f3n de la gerencia de riesgos en la actividad de mediaci\u00f3n.<\/p>\n\n\n\n<p>\u00d3scar Bustos ha ofrecido estad\u00edsticas sobre el volumen de siniestralidad registrado desde la fundaci\u00f3n de la Agrupaci\u00f3n del Convenio RC de Corredores, en 1993, hasta 2019. Destaca la ascendente curva de reclamaciones, que supone \u201cuna situaci\u00f3n de siniestralidad preocupante, ya que no ha parado de aumentar desde 2014\u201d.<\/p>\n\n\n\n<p>Bustos ha presentado datos estad\u00edsticos mediante el an\u00e1lisis de 2.300 siniestros registrados por la Agrupaci\u00f3n en un periodo de 25 a\u00f1os. Estos siniestros se concentran en el ramo de autom\u00f3vil (29%), que presenta un impacto potencial muy alto a\u00f1o tras a\u00f1o; en hogar y comercio (16%); Pyme, multirriesgo e industria (14%); mientras Vida ahorro solo supone un 4% de los siniestros.<\/p>\n\n\n\n<p>En el caso de ADECOSE, en el que se han examinado los 210 siniestros registrados en el mismo periodo de tiempo, estos datos var\u00edan ligeramente: ramo de autom\u00f3vil (30%); hogar y comercio desciende hasta un 6%; Pyme, multirriesgo, industria a un 13%; mientras Vida ahorro aumenta a un 8%. \u201cEsta diferencia se debe a que ADECOSE es un grupo selecto de corredores y el cliente es diferente respecto a los asegurados que se gestionan desde el colectivo de la agrupaci\u00f3n\u201d, ha afirmado Bustos.<\/p>\n\n\n\n<p>Asimismo, Bustos tambi\u00e9n ha aportado informaci\u00f3n sobre las reclamaciones que recibe su Agrupaci\u00f3n, correspondientes a errores administrativos, errores t\u00e9cnicos del mediador y reclamaciones infundadas en la mayor\u00eda de los casos. En cifras, en los \u00faltimos 10 a\u00f1os se han gestionado reclamaciones a nivel general por valor de 49 millones y medio de euros y de m\u00e1s de 5 millones desde ADECOSE. \u201cEstos datos demuestran que las reclamaciones existen. Desde la Agrupaci\u00f3n se est\u00e1n poniendo todos los medios para intentar reducir la siniestralidad de los \u00faltimos a\u00f1os\u201d, ha concluido \u00d3scar Bustos.<\/p>\n\n\n\n<p>Mart\u00edn Navaz ha cerrado el webinar: \u201cesta conversaci\u00f3n servir\u00e1 para que miremos las p\u00f3lizas con mayor detalle de cara a la renovaci\u00f3n, que sepamos qu\u00e9 debemos decir a nuestros clientes; y, sobre todo, nos ayudar\u00e1 a tener m\u00e1s claro cu\u00e1l es el \u00e1mbito en el que estamos habilitados\u201d. Por \u00faltimo, ha propuesto elaborar conjuntamente un dec\u00e1logo de acciones de prevenci\u00f3n para reducir la siniestralidad y recabar informaci\u00f3n y documentaci\u00f3n en el caso de que se produzca.<\/p>\n","protected":false},"excerpt":{"rendered":"<p>La Agrupaci\u00f3n ha registrado 2.300 siniestros desde 1993 y una tendencia de siniestralidad ascendente \u201cpreocupante\u201d en los \u00faltimos cinco a\u00f1os. ADECOSE ha reanudado su programa de webinars con una nueva&#8230;<\/p>\n","protected":false},"author":1,"featured_media":1109,"comment_status":"closed","ping_status":"open","sticky":false,"template":"","format":"standard","meta":{"footnotes":""},"categories":[5],"tags":[],"class_list":{"0":"post-1050","1":"post","2":"type-post","3":"status-publish","4":"format-standard","5":"has-post-thumbnail","7":"category-notas-de-prensa"},"yoast_head":"<!-- This site is optimized with the Yoast SEO plugin v27.2 - https:\/\/yoast.com\/product\/yoast-seo-wordpress\/ -->\n<title>\u00d3scar Bustos, gerente de la Agrupaci\u00f3n Convenio RC Corredores, analiza la gerencia de riesgos en la actividad de mediaci\u00f3n en ADECOSE webinars | Fundaci\u00f3n Adecose<\/title>\n<meta name=\"robots\" content=\"index, follow, max-snippet:-1, max-image-preview:large, max-video-preview:-1\" \/>\n<link rel=\"canonical\" href=\"https:\/\/www.fundacionadecose.com\/gl\/oscar-bustos-gerente-de-la-agrupacion-convenio-rc-corredores-analiza-la-gerencia-de-riesgos-en-la-actividad-de-mediacion-en-adecose-webinars\/\" \/>\n<meta property=\"og:locale\" content=\"gl_ES\" \/>\n<meta property=\"og:type\" content=\"article\" \/>\n<meta property=\"og:title\" content=\"\u00d3scar Bustos, gerente de la Agrupaci\u00f3n Convenio RC Corredores, analiza la gerencia de riesgos en la actividad de mediaci\u00f3n en ADECOSE webinars | Fundaci\u00f3n Adecose\" \/>\n<meta property=\"og:description\" content=\"La Agrupaci\u00f3n ha registrado 2.300 siniestros desde 1993 y una tendencia de siniestralidad ascendente \u201cpreocupante\u201d en los \u00faltimos cinco a\u00f1os. ADECOSE ha reanudado su programa de webinars con una nueva...\" \/>\n<meta property=\"og:url\" content=\"https:\/\/www.fundacionadecose.com\/gl\/oscar-bustos-gerente-de-la-agrupacion-convenio-rc-corredores-analiza-la-gerencia-de-riesgos-en-la-actividad-de-mediacion-en-adecose-webinars\/\" \/>\n<meta property=\"og:site_name\" content=\"Fundaci\u00f3n Adecose\" \/>\n<meta property=\"article:published_time\" content=\"2020-09-14T01:04:00+00:00\" \/>\n<meta property=\"article:modified_time\" content=\"2021-03-04T09:22:02+00:00\" \/>\n<meta property=\"og:image\" content=\"https:\/\/www.fundacionadecose.com\/wp-content\/uploads\/2021\/03\/10-de-septiembre-1.jpg\" \/>\n\t<meta property=\"og:image:width\" content=\"800\" \/>\n\t<meta property=\"og:image:height\" content=\"450\" \/>\n\t<meta property=\"og:image:type\" content=\"image\/jpeg\" \/>\n<meta name=\"author\" content=\"uw4d3cosdmin\" \/>\n<meta name=\"twitter:card\" content=\"summary_large_image\" \/>\n<meta name=\"twitter:label1\" content=\"Escrito por\" \/>\n\t<meta name=\"twitter:data1\" content=\"uw4d3cosdmin\" \/>\n\t<meta name=\"twitter:label2\" content=\"Tempo de lectura\" \/>\n\t<meta name=\"twitter:data2\" content=\"2 minutos\" \/>\n<script type=\"application\/ld+json\" class=\"yoast-schema-graph\">{\"@context\":\"https:\/\/schema.org\",\"@graph\":[{\"@type\":\"Article\",\"@id\":\"https:\/\/www.fundacionadecose.com\/gl\/oscar-bustos-gerente-de-la-agrupacion-convenio-rc-corredores-analiza-la-gerencia-de-riesgos-en-la-actividad-de-mediacion-en-adecose-webinars\/#article\",\"isPartOf\":{\"@id\":\"https:\/\/www.fundacionadecose.com\/gl\/oscar-bustos-gerente-de-la-agrupacion-convenio-rc-corredores-analiza-la-gerencia-de-riesgos-en-la-actividad-de-mediacion-en-adecose-webinars\/\"},\"author\":{\"name\":\"uw4d3cosdmin\",\"@id\":\"https:\/\/www.fundacionadecose.com\/gl\/#\/schema\/person\/0b47ee5f1c41b21805945b1e51cba59e\"},\"headline\":\"\u00d3scar Bustos, gerente de la Agrupaci\u00f3n Convenio RC Corredores, analiza la gerencia de riesgos en la actividad de mediaci\u00f3n en ADECOSE webinars\",\"datePublished\":\"2020-09-14T01:04:00+00:00\",\"dateModified\":\"2021-03-04T09:22:02+00:00\",\"mainEntityOfPage\":{\"@id\":\"https:\/\/www.fundacionadecose.com\/gl\/oscar-bustos-gerente-de-la-agrupacion-convenio-rc-corredores-analiza-la-gerencia-de-riesgos-en-la-actividad-de-mediacion-en-adecose-webinars\/\"},\"wordCount\":488,\"publisher\":{\"@id\":\"https:\/\/www.fundacionadecose.com\/gl\/#organization\"},\"image\":{\"@id\":\"https:\/\/www.fundacionadecose.com\/gl\/oscar-bustos-gerente-de-la-agrupacion-convenio-rc-corredores-analiza-la-gerencia-de-riesgos-en-la-actividad-de-mediacion-en-adecose-webinars\/#primaryimage\"},\"thumbnailUrl\":\"https:\/\/www.fundacionadecose.com\/wp-content\/uploads\/2021\/03\/10-de-septiembre-1.jpg\",\"articleSection\":[\"Nota de prensa\"],\"inLanguage\":\"gl-ES\"},{\"@type\":\"WebPage\",\"@id\":\"https:\/\/www.fundacionadecose.com\/gl\/oscar-bustos-gerente-de-la-agrupacion-convenio-rc-corredores-analiza-la-gerencia-de-riesgos-en-la-actividad-de-mediacion-en-adecose-webinars\/\",\"url\":\"https:\/\/www.fundacionadecose.com\/gl\/oscar-bustos-gerente-de-la-agrupacion-convenio-rc-corredores-analiza-la-gerencia-de-riesgos-en-la-actividad-de-mediacion-en-adecose-webinars\/\",\"name\":\"\u00d3scar Bustos, gerente de la Agrupaci\u00f3n Convenio RC Corredores, analiza la gerencia de riesgos en la actividad de mediaci\u00f3n en ADECOSE webinars | Fundaci\u00f3n Adecose\",\"isPartOf\":{\"@id\":\"https:\/\/www.fundacionadecose.com\/gl\/#website\"},\"primaryImageOfPage\":{\"@id\":\"https:\/\/www.fundacionadecose.com\/gl\/oscar-bustos-gerente-de-la-agrupacion-convenio-rc-corredores-analiza-la-gerencia-de-riesgos-en-la-actividad-de-mediacion-en-adecose-webinars\/#primaryimage\"},\"image\":{\"@id\":\"https:\/\/www.fundacionadecose.com\/gl\/oscar-bustos-gerente-de-la-agrupacion-convenio-rc-corredores-analiza-la-gerencia-de-riesgos-en-la-actividad-de-mediacion-en-adecose-webinars\/#primaryimage\"},\"thumbnailUrl\":\"https:\/\/www.fundacionadecose.com\/wp-content\/uploads\/2021\/03\/10-de-septiembre-1.jpg\",\"datePublished\":\"2020-09-14T01:04:00+00:00\",\"dateModified\":\"2021-03-04T09:22:02+00:00\",\"breadcrumb\":{\"@id\":\"https:\/\/www.fundacionadecose.com\/gl\/oscar-bustos-gerente-de-la-agrupacion-convenio-rc-corredores-analiza-la-gerencia-de-riesgos-en-la-actividad-de-mediacion-en-adecose-webinars\/#breadcrumb\"},\"inLanguage\":\"gl-ES\",\"potentialAction\":[{\"@type\":\"ReadAction\",\"target\":[\"https:\/\/www.fundacionadecose.com\/gl\/oscar-bustos-gerente-de-la-agrupacion-convenio-rc-corredores-analiza-la-gerencia-de-riesgos-en-la-actividad-de-mediacion-en-adecose-webinars\/\"]}]},{\"@type\":\"ImageObject\",\"inLanguage\":\"gl-ES\",\"@id\":\"https:\/\/www.fundacionadecose.com\/gl\/oscar-bustos-gerente-de-la-agrupacion-convenio-rc-corredores-analiza-la-gerencia-de-riesgos-en-la-actividad-de-mediacion-en-adecose-webinars\/#primaryimage\",\"url\":\"https:\/\/www.fundacionadecose.com\/wp-content\/uploads\/2021\/03\/10-de-septiembre-1.jpg\",\"contentUrl\":\"https:\/\/www.fundacionadecose.com\/wp-content\/uploads\/2021\/03\/10-de-septiembre-1.jpg\",\"width\":800,\"height\":450},{\"@type\":\"BreadcrumbList\",\"@id\":\"https:\/\/www.fundacionadecose.com\/gl\/oscar-bustos-gerente-de-la-agrupacion-convenio-rc-corredores-analiza-la-gerencia-de-riesgos-en-la-actividad-de-mediacion-en-adecose-webinars\/#breadcrumb\",\"itemListElement\":[{\"@type\":\"ListItem\",\"position\":1,\"name\":\"Portada\",\"item\":\"https:\/\/www.fundacionadecose.com\/gl\/\"},{\"@type\":\"ListItem\",\"position\":2,\"name\":\"\u00d3scar Bustos, gerente de la Agrupaci\u00f3n Convenio RC Corredores, analiza la gerencia de riesgos en la actividad de mediaci\u00f3n en ADECOSE webinars\"}]},{\"@type\":\"WebSite\",\"@id\":\"https:\/\/www.fundacionadecose.com\/gl\/#website\",\"url\":\"https:\/\/www.fundacionadecose.com\/gl\/\",\"name\":\"Fundaci\u00f3n Adecose\",\"description\":\"Donde comienzan los proyectos\",\"publisher\":{\"@id\":\"https:\/\/www.fundacionadecose.com\/gl\/#organization\"},\"potentialAction\":[{\"@type\":\"SearchAction\",\"target\":{\"@type\":\"EntryPoint\",\"urlTemplate\":\"https:\/\/www.fundacionadecose.com\/gl\/?s={search_term_string}\"},\"query-input\":{\"@type\":\"PropertyValueSpecification\",\"valueRequired\":true,\"valueName\":\"search_term_string\"}}],\"inLanguage\":\"gl-ES\"},{\"@type\":\"Organization\",\"@id\":\"https:\/\/www.fundacionadecose.com\/gl\/#organization\",\"name\":\"Fundaci\u00f3n ADECOSE\",\"url\":\"https:\/\/www.fundacionadecose.com\/gl\/\",\"logo\":{\"@type\":\"ImageObject\",\"inLanguage\":\"gl-ES\",\"@id\":\"https:\/\/www.fundacionadecose.com\/gl\/#\/schema\/logo\/image\/\",\"url\":\"https:\/\/www.fundacionadecose.com\/wp-content\/uploads\/2021\/02\/logo-footer.png\",\"contentUrl\":\"https:\/\/www.fundacionadecose.com\/wp-content\/uploads\/2021\/02\/logo-footer.png\",\"width\":309,\"height\":143,\"caption\":\"Fundaci\u00f3n ADECOSE\"},\"image\":{\"@id\":\"https:\/\/www.fundacionadecose.com\/gl\/#\/schema\/logo\/image\/\"}},{\"@type\":\"Person\",\"@id\":\"https:\/\/www.fundacionadecose.com\/gl\/#\/schema\/person\/0b47ee5f1c41b21805945b1e51cba59e\",\"name\":\"uw4d3cosdmin\",\"image\":{\"@type\":\"ImageObject\",\"inLanguage\":\"gl-ES\",\"@id\":\"https:\/\/secure.gravatar.com\/avatar\/4d269c0422ede8020b662b2a7c92fe3589cf157170bfe62aed8c14f99414a863?s=96&d=mm&r=g\",\"url\":\"https:\/\/secure.gravatar.com\/avatar\/4d269c0422ede8020b662b2a7c92fe3589cf157170bfe62aed8c14f99414a863?s=96&d=mm&r=g\",\"contentUrl\":\"https:\/\/secure.gravatar.com\/avatar\/4d269c0422ede8020b662b2a7c92fe3589cf157170bfe62aed8c14f99414a863?s=96&d=mm&r=g\",\"caption\":\"uw4d3cosdmin\"},\"sameAs\":[\"https:\/\/fundacionadecose.com\"]}]}<\/script>\n<!-- \/ Yoast SEO plugin. -->","yoast_head_json":{"title":"\u00d3scar Bustos, gerente de la Agrupaci\u00f3n Convenio RC Corredores, analiza la gerencia de riesgos en la actividad de mediaci\u00f3n en ADECOSE webinars | Fundaci\u00f3n Adecose","robots":{"index":"index","follow":"follow","max-snippet":"max-snippet:-1","max-image-preview":"max-image-preview:large","max-video-preview":"max-video-preview:-1"},"canonical":"https:\/\/www.fundacionadecose.com\/gl\/oscar-bustos-gerente-de-la-agrupacion-convenio-rc-corredores-analiza-la-gerencia-de-riesgos-en-la-actividad-de-mediacion-en-adecose-webinars\/","og_locale":"gl_ES","og_type":"article","og_title":"\u00d3scar Bustos, gerente de la Agrupaci\u00f3n Convenio RC Corredores, analiza la gerencia de riesgos en la actividad de mediaci\u00f3n en ADECOSE webinars | Fundaci\u00f3n Adecose","og_description":"La Agrupaci\u00f3n ha registrado 2.300 siniestros desde 1993 y una tendencia de siniestralidad ascendente \u201cpreocupante\u201d en los \u00faltimos cinco a\u00f1os. ADECOSE ha reanudado su programa de webinars con una nueva...","og_url":"https:\/\/www.fundacionadecose.com\/gl\/oscar-bustos-gerente-de-la-agrupacion-convenio-rc-corredores-analiza-la-gerencia-de-riesgos-en-la-actividad-de-mediacion-en-adecose-webinars\/","og_site_name":"Fundaci\u00f3n Adecose","article_published_time":"2020-09-14T01:04:00+00:00","article_modified_time":"2021-03-04T09:22:02+00:00","og_image":[{"width":800,"height":450,"url":"https:\/\/www.fundacionadecose.com\/wp-content\/uploads\/2021\/03\/10-de-septiembre-1.jpg","type":"image\/jpeg"}],"author":"uw4d3cosdmin","twitter_card":"summary_large_image","twitter_misc":{"Escrito por":"uw4d3cosdmin","Tempo de lectura":"2 minutos"},"schema":{"@context":"https:\/\/schema.org","@graph":[{"@type":"Article","@id":"https:\/\/www.fundacionadecose.com\/gl\/oscar-bustos-gerente-de-la-agrupacion-convenio-rc-corredores-analiza-la-gerencia-de-riesgos-en-la-actividad-de-mediacion-en-adecose-webinars\/#article","isPartOf":{"@id":"https:\/\/www.fundacionadecose.com\/gl\/oscar-bustos-gerente-de-la-agrupacion-convenio-rc-corredores-analiza-la-gerencia-de-riesgos-en-la-actividad-de-mediacion-en-adecose-webinars\/"},"author":{"name":"uw4d3cosdmin","@id":"https:\/\/www.fundacionadecose.com\/gl\/#\/schema\/person\/0b47ee5f1c41b21805945b1e51cba59e"},"headline":"\u00d3scar Bustos, gerente de la Agrupaci\u00f3n Convenio RC Corredores, analiza la gerencia de riesgos en la actividad de mediaci\u00f3n en ADECOSE webinars","datePublished":"2020-09-14T01:04:00+00:00","dateModified":"2021-03-04T09:22:02+00:00","mainEntityOfPage":{"@id":"https:\/\/www.fundacionadecose.com\/gl\/oscar-bustos-gerente-de-la-agrupacion-convenio-rc-corredores-analiza-la-gerencia-de-riesgos-en-la-actividad-de-mediacion-en-adecose-webinars\/"},"wordCount":488,"publisher":{"@id":"https:\/\/www.fundacionadecose.com\/gl\/#organization"},"image":{"@id":"https:\/\/www.fundacionadecose.com\/gl\/oscar-bustos-gerente-de-la-agrupacion-convenio-rc-corredores-analiza-la-gerencia-de-riesgos-en-la-actividad-de-mediacion-en-adecose-webinars\/#primaryimage"},"thumbnailUrl":"https:\/\/www.fundacionadecose.com\/wp-content\/uploads\/2021\/03\/10-de-septiembre-1.jpg","articleSection":["Nota de prensa"],"inLanguage":"gl-ES"},{"@type":"WebPage","@id":"https:\/\/www.fundacionadecose.com\/gl\/oscar-bustos-gerente-de-la-agrupacion-convenio-rc-corredores-analiza-la-gerencia-de-riesgos-en-la-actividad-de-mediacion-en-adecose-webinars\/","url":"https:\/\/www.fundacionadecose.com\/gl\/oscar-bustos-gerente-de-la-agrupacion-convenio-rc-corredores-analiza-la-gerencia-de-riesgos-en-la-actividad-de-mediacion-en-adecose-webinars\/","name":"\u00d3scar Bustos, gerente de la Agrupaci\u00f3n Convenio RC Corredores, analiza la gerencia de riesgos en la actividad de mediaci\u00f3n en ADECOSE webinars | Fundaci\u00f3n Adecose","isPartOf":{"@id":"https:\/\/www.fundacionadecose.com\/gl\/#website"},"primaryImageOfPage":{"@id":"https:\/\/www.fundacionadecose.com\/gl\/oscar-bustos-gerente-de-la-agrupacion-convenio-rc-corredores-analiza-la-gerencia-de-riesgos-en-la-actividad-de-mediacion-en-adecose-webinars\/#primaryimage"},"image":{"@id":"https:\/\/www.fundacionadecose.com\/gl\/oscar-bustos-gerente-de-la-agrupacion-convenio-rc-corredores-analiza-la-gerencia-de-riesgos-en-la-actividad-de-mediacion-en-adecose-webinars\/#primaryimage"},"thumbnailUrl":"https:\/\/www.fundacionadecose.com\/wp-content\/uploads\/2021\/03\/10-de-septiembre-1.jpg","datePublished":"2020-09-14T01:04:00+00:00","dateModified":"2021-03-04T09:22:02+00:00","breadcrumb":{"@id":"https:\/\/www.fundacionadecose.com\/gl\/oscar-bustos-gerente-de-la-agrupacion-convenio-rc-corredores-analiza-la-gerencia-de-riesgos-en-la-actividad-de-mediacion-en-adecose-webinars\/#breadcrumb"},"inLanguage":"gl-ES","potentialAction":[{"@type":"ReadAction","target":["https:\/\/www.fundacionadecose.com\/gl\/oscar-bustos-gerente-de-la-agrupacion-convenio-rc-corredores-analiza-la-gerencia-de-riesgos-en-la-actividad-de-mediacion-en-adecose-webinars\/"]}]},{"@type":"ImageObject","inLanguage":"gl-ES","@id":"https:\/\/www.fundacionadecose.com\/gl\/oscar-bustos-gerente-de-la-agrupacion-convenio-rc-corredores-analiza-la-gerencia-de-riesgos-en-la-actividad-de-mediacion-en-adecose-webinars\/#primaryimage","url":"https:\/\/www.fundacionadecose.com\/wp-content\/uploads\/2021\/03\/10-de-septiembre-1.jpg","contentUrl":"https:\/\/www.fundacionadecose.com\/wp-content\/uploads\/2021\/03\/10-de-septiembre-1.jpg","width":800,"height":450},{"@type":"BreadcrumbList","@id":"https:\/\/www.fundacionadecose.com\/gl\/oscar-bustos-gerente-de-la-agrupacion-convenio-rc-corredores-analiza-la-gerencia-de-riesgos-en-la-actividad-de-mediacion-en-adecose-webinars\/#breadcrumb","itemListElement":[{"@type":"ListItem","position":1,"name":"Portada","item":"https:\/\/www.fundacionadecose.com\/gl\/"},{"@type":"ListItem","position":2,"name":"\u00d3scar Bustos, gerente de la Agrupaci\u00f3n Convenio RC Corredores, analiza la gerencia de riesgos en la actividad de mediaci\u00f3n en ADECOSE webinars"}]},{"@type":"WebSite","@id":"https:\/\/www.fundacionadecose.com\/gl\/#website","url":"https:\/\/www.fundacionadecose.com\/gl\/","name":"Fundaci\u00f3n Adecose","description":"Donde comienzan los proyectos","publisher":{"@id":"https:\/\/www.fundacionadecose.com\/gl\/#organization"},"potentialAction":[{"@type":"SearchAction","target":{"@type":"EntryPoint","urlTemplate":"https:\/\/www.fundacionadecose.com\/gl\/?s={search_term_string}"},"query-input":{"@type":"PropertyValueSpecification","valueRequired":true,"valueName":"search_term_string"}}],"inLanguage":"gl-ES"},{"@type":"Organization","@id":"https:\/\/www.fundacionadecose.com\/gl\/#organization","name":"Fundaci\u00f3n ADECOSE","url":"https:\/\/www.fundacionadecose.com\/gl\/","logo":{"@type":"ImageObject","inLanguage":"gl-ES","@id":"https:\/\/www.fundacionadecose.com\/gl\/#\/schema\/logo\/image\/","url":"https:\/\/www.fundacionadecose.com\/wp-content\/uploads\/2021\/02\/logo-footer.png","contentUrl":"https:\/\/www.fundacionadecose.com\/wp-content\/uploads\/2021\/02\/logo-footer.png","width":309,"height":143,"caption":"Fundaci\u00f3n ADECOSE"},"image":{"@id":"https:\/\/www.fundacionadecose.com\/gl\/#\/schema\/logo\/image\/"}},{"@type":"Person","@id":"https:\/\/www.fundacionadecose.com\/gl\/#\/schema\/person\/0b47ee5f1c41b21805945b1e51cba59e","name":"uw4d3cosdmin","image":{"@type":"ImageObject","inLanguage":"gl-ES","@id":"https:\/\/secure.gravatar.com\/avatar\/4d269c0422ede8020b662b2a7c92fe3589cf157170bfe62aed8c14f99414a863?s=96&d=mm&r=g","url":"https:\/\/secure.gravatar.com\/avatar\/4d269c0422ede8020b662b2a7c92fe3589cf157170bfe62aed8c14f99414a863?s=96&d=mm&r=g","contentUrl":"https:\/\/secure.gravatar.com\/avatar\/4d269c0422ede8020b662b2a7c92fe3589cf157170bfe62aed8c14f99414a863?s=96&d=mm&r=g","caption":"uw4d3cosdmin"},"sameAs":["https:\/\/fundacionadecose.com"]}]}},"_links":{"self":[{"href":"https:\/\/www.fundacionadecose.com\/gl\/wp-json\/wp\/v2\/posts\/1050","targetHints":{"allow":["GET"]}}],"collection":[{"href":"https:\/\/www.fundacionadecose.com\/gl\/wp-json\/wp\/v2\/posts"}],"about":[{"href":"https:\/\/www.fundacionadecose.com\/gl\/wp-json\/wp\/v2\/types\/post"}],"author":[{"embeddable":true,"href":"https:\/\/www.fundacionadecose.com\/gl\/wp-json\/wp\/v2\/users\/1"}],"replies":[{"embeddable":true,"href":"https:\/\/www.fundacionadecose.com\/gl\/wp-json\/wp\/v2\/comments?post=1050"}],"version-history":[{"count":2,"href":"https:\/\/www.fundacionadecose.com\/gl\/wp-json\/wp\/v2\/posts\/1050\/revisions"}],"predecessor-version":[{"id":1052,"href":"https:\/\/www.fundacionadecose.com\/gl\/wp-json\/wp\/v2\/posts\/1050\/revisions\/1052"}],"wp:featuredmedia":[{"embeddable":true,"href":"https:\/\/www.fundacionadecose.com\/gl\/wp-json\/wp\/v2\/media\/1109"}],"wp:attachment":[{"href":"https:\/\/www.fundacionadecose.com\/gl\/wp-json\/wp\/v2\/media?parent=1050"}],"wp:term":[{"taxonomy":"category","embeddable":true,"href":"https:\/\/www.fundacionadecose.com\/gl\/wp-json\/wp\/v2\/categories?post=1050"},{"taxonomy":"post_tag","embeddable":true,"href":"https:\/\/www.fundacionadecose.com\/gl\/wp-json\/wp\/v2\/tags?post=1050"}],"curies":[{"name":"wp","href":"https:\/\/api.w.org\/{rel}","templated":true}]}}