{"id":2566,"date":"2021-04-26T14:13:23","date_gmt":"2021-04-26T14:13:23","guid":{"rendered":"https:\/\/www.fundacionadecose.com\/?p=2566"},"modified":"2021-04-26T15:18:13","modified_gmt":"2021-04-26T15:18:13","slug":"fundacion-adecose-pone-en-marcha-su-blog-del-broker-para-acercar-la-labor-de-las-corredurias-de-seguros","status":"publish","type":"post","link":"https:\/\/www.fundacionadecose.com\/gl\/fundacion-adecose-pone-en-marcha-su-blog-del-broker-para-acercar-la-labor-de-las-corredurias-de-seguros\/","title":{"rendered":"Fundaci\u00f3n ADECOSE pone en marcha su \u201cBlog del Broker\u201d para acercar la labor de las corredur\u00edas de seguros"},"content":{"rendered":"<ul>\n<li><em>Dentro de su objetivo de desarrollo de proyectos educativos, la Fundaci\u00f3n ADECOS<\/em><em>E ha creado un blog para difundir la figura del corredor de seguros y temas de inter\u00e9s que ata\u00f1en al asegurado.<\/em><\/li>\n<\/ul>\n<ul>\n<li><em>Este blog contar\u00e1 adem\u00e1s con la colaboraci\u00f3n de las corredur\u00edas asociadas de ADECOSE.<\/em><\/li>\n<\/ul>\n<p>Dentro su <strong>objetivo de promoci\u00f3n de la educaci\u00f3n financiera<\/strong>, la Fundaci\u00f3n ADECOSE ha puesto en marcha el \u201c<a href=\"https:\/\/www.fundacionadecose.com\/blog-broker\/\">Blog del Broker<\/a>, un espacio habilitado en su p\u00e1gina web para difundir la figura de la corredur\u00eda de seguros y asuntos generales de inter\u00e9s que ata\u00f1en al asegurado. Se trata de un <strong>blog colaborativo<\/strong> en el que tambi\u00e9n podr\u00e1n participar las corredur\u00edas asociadas de ADECOSE.<\/p>\n<p>Una de las principales \u00e1reas de actuaci\u00f3n de la Fundaci\u00f3n ADECOSE es promocionar la <strong>educaci\u00f3n financiera<\/strong> mediante proyectos de formaci\u00f3n al ciudadano relacionados con el sector asegurador. Para ello, la Fundaci\u00f3n ADECOSE <strong>ha desarrollado su primera iniciativa en este \u00e1mbito mediante un blog<\/strong> que funcionar\u00e1 como un espacio abierto y dirigido al p\u00fablico en general, en el que se publicar\u00e1n art\u00edculos sobre la labor que realizan las corredur\u00edas y el sector asegurador.<\/p>\n<p>La Fundaci\u00f3n ADECOSE ha planteado la elaboraci\u00f3n de estas publicaciones como una <strong>iniciativa colaborativa<\/strong>, por lo que contar\u00e1 con la participaci\u00f3n voluntaria de las corredur\u00edas asociadas que deseen trasladar mensajes y conocimientos a sus asegurados sobre temas de inter\u00e9s mediante una v\u00eda alternativa. Con esta iniciativa, la Fundaci\u00f3n ADECOSE pretende ofrecer un <strong>canal de informaci\u00f3n<\/strong> que, adem\u00e1s, fomentar\u00e1 la cultura en seguros y pondr\u00e1 en valor la importancia de estar bien asegurado.<\/p>\n<p>La Fundaci\u00f3n ADECOSE realiza este tipo de iniciativas culturales dentro de su compromiso como miembro adherido al Plan de Educaci\u00f3n Financiera, promovido por la Comisi\u00f3n Nacional del Mercado de Valores, el Banco de Espa\u00f1a, Direcci\u00f3n General de Seguros y Fondos de Pensiones (DGFSP) y la Secretar\u00eda General del Tesoro y Pol\u00edtica Financiera. Esta iniciativa se complementar\u00e1 con otras actividades de educaci\u00f3n financiera que la Fundaci\u00f3n ADECOSE desarrollar\u00e1 durante el a\u00f1o.<\/p>\n","protected":false},"excerpt":{"rendered":"<p>Dentro de su objetivo de desarrollo de proyectos educativos, la Fundaci\u00f3n ADECOSE ha creado un blog para difundir la figura del corredor de seguros y temas de inter\u00e9s que ata\u00f1en&#8230;<\/p>\n","protected":false},"author":186,"featured_media":2572,"comment_status":"closed","ping_status":"open","sticky":false,"template":"","format":"standard","meta":{"footnotes":""},"categories":[5],"tags":[],"class_list":{"0":"post-2566","1":"post","2":"type-post","3":"status-publish","4":"format-standard","5":"has-post-thumbnail","7":"category-notas-de-prensa"},"yoast_head":"<!-- This site is optimized with the Yoast SEO plugin v27.2 - https:\/\/yoast.com\/product\/yoast-seo-wordpress\/ -->\n<title>Fundaci\u00f3n ADECOSE pone en marcha su \u201cBlog del Broker\u201d para acercar la labor de las corredur\u00edas de seguros | Fundaci\u00f3n Adecose<\/title>\n<meta name=\"robots\" content=\"index, follow, max-snippet:-1, max-image-preview:large, max-video-preview:-1\" \/>\n<link rel=\"canonical\" href=\"https:\/\/www.fundacionadecose.com\/gl\/fundacion-adecose-pone-en-marcha-su-blog-del-broker-para-acercar-la-labor-de-las-corredurias-de-seguros\/\" \/>\n<meta property=\"og:locale\" content=\"gl_ES\" \/>\n<meta property=\"og:type\" content=\"article\" \/>\n<meta property=\"og:title\" content=\"Fundaci\u00f3n ADECOSE pone en marcha su \u201cBlog del Broker\u201d para acercar la labor de las corredur\u00edas de seguros | Fundaci\u00f3n Adecose\" \/>\n<meta property=\"og:description\" content=\"Dentro de su objetivo de desarrollo de proyectos educativos, la Fundaci\u00f3n ADECOSE ha creado un blog para difundir la figura del corredor de seguros y temas de inter\u00e9s que ata\u00f1en...\" \/>\n<meta property=\"og:url\" content=\"https:\/\/www.fundacionadecose.com\/gl\/fundacion-adecose-pone-en-marcha-su-blog-del-broker-para-acercar-la-labor-de-las-corredurias-de-seguros\/\" \/>\n<meta property=\"og:site_name\" content=\"Fundaci\u00f3n Adecose\" \/>\n<meta property=\"article:published_time\" content=\"2021-04-26T14:13:23+00:00\" \/>\n<meta property=\"article:modified_time\" content=\"2021-04-26T15:18:13+00:00\" \/>\n<meta property=\"og:image\" content=\"https:\/\/www.fundacionadecose.com\/wp-content\/uploads\/2021\/04\/Blog-del-Broker-21-1.jpg\" \/>\n\t<meta property=\"og:image:width\" content=\"795\" \/>\n\t<meta property=\"og:image:height\" content=\"501\" \/>\n\t<meta property=\"og:image:type\" content=\"image\/jpeg\" \/>\n<meta name=\"author\" content=\"Comunicaci\u00f3n ADECOSE\" \/>\n<meta name=\"twitter:card\" content=\"summary_large_image\" \/>\n<meta name=\"twitter:label1\" content=\"Escrito por\" \/>\n\t<meta name=\"twitter:data1\" content=\"Comunicaci\u00f3n ADECOSE\" \/>\n\t<meta name=\"twitter:label2\" content=\"Tempo de lectura\" \/>\n\t<meta name=\"twitter:data2\" content=\"2 minutos\" \/>\n<script type=\"application\/ld+json\" class=\"yoast-schema-graph\">{\"@context\":\"https:\/\/schema.org\",\"@graph\":[{\"@type\":\"Article\",\"@id\":\"https:\/\/www.fundacionadecose.com\/gl\/fundacion-adecose-pone-en-marcha-su-blog-del-broker-para-acercar-la-labor-de-las-corredurias-de-seguros\/#article\",\"isPartOf\":{\"@id\":\"https:\/\/www.fundacionadecose.com\/gl\/fundacion-adecose-pone-en-marcha-su-blog-del-broker-para-acercar-la-labor-de-las-corredurias-de-seguros\/\"},\"author\":{\"name\":\"Comunicaci\u00f3n ADECOSE\",\"@id\":\"https:\/\/www.fundacionadecose.com\/gl\/#\/schema\/person\/543929658b5f339807ced364e905c8e7\"},\"headline\":\"Fundaci\u00f3n ADECOSE pone en marcha su \u201cBlog del Broker\u201d para acercar la labor de las corredur\u00edas de seguros\",\"datePublished\":\"2021-04-26T14:13:23+00:00\",\"dateModified\":\"2021-04-26T15:18:13+00:00\",\"mainEntityOfPage\":{\"@id\":\"https:\/\/www.fundacionadecose.com\/gl\/fundacion-adecose-pone-en-marcha-su-blog-del-broker-para-acercar-la-labor-de-las-corredurias-de-seguros\/\"},\"wordCount\":386,\"publisher\":{\"@id\":\"https:\/\/www.fundacionadecose.com\/gl\/#organization\"},\"image\":{\"@id\":\"https:\/\/www.fundacionadecose.com\/gl\/fundacion-adecose-pone-en-marcha-su-blog-del-broker-para-acercar-la-labor-de-las-corredurias-de-seguros\/#primaryimage\"},\"thumbnailUrl\":\"https:\/\/www.fundacionadecose.com\/wp-content\/uploads\/2021\/04\/Blog-del-Broker-21-1.jpg\",\"articleSection\":[\"Nota de prensa\"],\"inLanguage\":\"gl-ES\"},{\"@type\":\"WebPage\",\"@id\":\"https:\/\/www.fundacionadecose.com\/gl\/fundacion-adecose-pone-en-marcha-su-blog-del-broker-para-acercar-la-labor-de-las-corredurias-de-seguros\/\",\"url\":\"https:\/\/www.fundacionadecose.com\/gl\/fundacion-adecose-pone-en-marcha-su-blog-del-broker-para-acercar-la-labor-de-las-corredurias-de-seguros\/\",\"name\":\"Fundaci\u00f3n ADECOSE pone en marcha su \u201cBlog del Broker\u201d para acercar la labor de las corredur\u00edas de seguros | Fundaci\u00f3n Adecose\",\"isPartOf\":{\"@id\":\"https:\/\/www.fundacionadecose.com\/gl\/#website\"},\"primaryImageOfPage\":{\"@id\":\"https:\/\/www.fundacionadecose.com\/gl\/fundacion-adecose-pone-en-marcha-su-blog-del-broker-para-acercar-la-labor-de-las-corredurias-de-seguros\/#primaryimage\"},\"image\":{\"@id\":\"https:\/\/www.fundacionadecose.com\/gl\/fundacion-adecose-pone-en-marcha-su-blog-del-broker-para-acercar-la-labor-de-las-corredurias-de-seguros\/#primaryimage\"},\"thumbnailUrl\":\"https:\/\/www.fundacionadecose.com\/wp-content\/uploads\/2021\/04\/Blog-del-Broker-21-1.jpg\",\"datePublished\":\"2021-04-26T14:13:23+00:00\",\"dateModified\":\"2021-04-26T15:18:13+00:00\",\"breadcrumb\":{\"@id\":\"https:\/\/www.fundacionadecose.com\/gl\/fundacion-adecose-pone-en-marcha-su-blog-del-broker-para-acercar-la-labor-de-las-corredurias-de-seguros\/#breadcrumb\"},\"inLanguage\":\"gl-ES\",\"potentialAction\":[{\"@type\":\"ReadAction\",\"target\":[\"https:\/\/www.fundacionadecose.com\/gl\/fundacion-adecose-pone-en-marcha-su-blog-del-broker-para-acercar-la-labor-de-las-corredurias-de-seguros\/\"]}]},{\"@type\":\"ImageObject\",\"inLanguage\":\"gl-ES\",\"@id\":\"https:\/\/www.fundacionadecose.com\/gl\/fundacion-adecose-pone-en-marcha-su-blog-del-broker-para-acercar-la-labor-de-las-corredurias-de-seguros\/#primaryimage\",\"url\":\"https:\/\/www.fundacionadecose.com\/wp-content\/uploads\/2021\/04\/Blog-del-Broker-21-1.jpg\",\"contentUrl\":\"https:\/\/www.fundacionadecose.com\/wp-content\/uploads\/2021\/04\/Blog-del-Broker-21-1.jpg\",\"width\":795,\"height\":501},{\"@type\":\"BreadcrumbList\",\"@id\":\"https:\/\/www.fundacionadecose.com\/gl\/fundacion-adecose-pone-en-marcha-su-blog-del-broker-para-acercar-la-labor-de-las-corredurias-de-seguros\/#breadcrumb\",\"itemListElement\":[{\"@type\":\"ListItem\",\"position\":1,\"name\":\"Portada\",\"item\":\"https:\/\/www.fundacionadecose.com\/gl\/\"},{\"@type\":\"ListItem\",\"position\":2,\"name\":\"Fundaci\u00f3n ADECOSE pone en marcha su \u201cBlog del Broker\u201d para acercar la labor de las corredur\u00edas de seguros\"}]},{\"@type\":\"WebSite\",\"@id\":\"https:\/\/www.fundacionadecose.com\/gl\/#website\",\"url\":\"https:\/\/www.fundacionadecose.com\/gl\/\",\"name\":\"Fundaci\u00f3n Adecose\",\"description\":\"Donde comienzan los proyectos\",\"publisher\":{\"@id\":\"https:\/\/www.fundacionadecose.com\/gl\/#organization\"},\"potentialAction\":[{\"@type\":\"SearchAction\",\"target\":{\"@type\":\"EntryPoint\",\"urlTemplate\":\"https:\/\/www.fundacionadecose.com\/gl\/?s={search_term_string}\"},\"query-input\":{\"@type\":\"PropertyValueSpecification\",\"valueRequired\":true,\"valueName\":\"search_term_string\"}}],\"inLanguage\":\"gl-ES\"},{\"@type\":\"Organization\",\"@id\":\"https:\/\/www.fundacionadecose.com\/gl\/#organization\",\"name\":\"Fundaci\u00f3n ADECOSE\",\"url\":\"https:\/\/www.fundacionadecose.com\/gl\/\",\"logo\":{\"@type\":\"ImageObject\",\"inLanguage\":\"gl-ES\",\"@id\":\"https:\/\/www.fundacionadecose.com\/gl\/#\/schema\/logo\/image\/\",\"url\":\"https:\/\/www.fundacionadecose.com\/wp-content\/uploads\/2021\/02\/logo-footer.png\",\"contentUrl\":\"https:\/\/www.fundacionadecose.com\/wp-content\/uploads\/2021\/02\/logo-footer.png\",\"width\":309,\"height\":143,\"caption\":\"Fundaci\u00f3n ADECOSE\"},\"image\":{\"@id\":\"https:\/\/www.fundacionadecose.com\/gl\/#\/schema\/logo\/image\/\"}},{\"@type\":\"Person\",\"@id\":\"https:\/\/www.fundacionadecose.com\/gl\/#\/schema\/person\/543929658b5f339807ced364e905c8e7\",\"name\":\"Comunicaci\u00f3n ADECOSE\",\"image\":{\"@type\":\"ImageObject\",\"inLanguage\":\"gl-ES\",\"@id\":\"https:\/\/secure.gravatar.com\/avatar\/01cd1f9571997441bf1da6d1cc147351305f03fe8f2acf1ebbec60ebb26924ce?s=96&d=mm&r=g\",\"url\":\"https:\/\/secure.gravatar.com\/avatar\/01cd1f9571997441bf1da6d1cc147351305f03fe8f2acf1ebbec60ebb26924ce?s=96&d=mm&r=g\",\"contentUrl\":\"https:\/\/secure.gravatar.com\/avatar\/01cd1f9571997441bf1da6d1cc147351305f03fe8f2acf1ebbec60ebb26924ce?s=96&d=mm&r=g\",\"caption\":\"Comunicaci\u00f3n ADECOSE\"}}]}<\/script>\n<!-- \/ Yoast SEO plugin. -->","yoast_head_json":{"title":"Fundaci\u00f3n ADECOSE pone en marcha su \u201cBlog del Broker\u201d para acercar la labor de las corredur\u00edas de seguros | Fundaci\u00f3n Adecose","robots":{"index":"index","follow":"follow","max-snippet":"max-snippet:-1","max-image-preview":"max-image-preview:large","max-video-preview":"max-video-preview:-1"},"canonical":"https:\/\/www.fundacionadecose.com\/gl\/fundacion-adecose-pone-en-marcha-su-blog-del-broker-para-acercar-la-labor-de-las-corredurias-de-seguros\/","og_locale":"gl_ES","og_type":"article","og_title":"Fundaci\u00f3n ADECOSE pone en marcha su \u201cBlog del Broker\u201d para acercar la labor de las corredur\u00edas de seguros | Fundaci\u00f3n Adecose","og_description":"Dentro de su objetivo de desarrollo de proyectos educativos, la Fundaci\u00f3n ADECOSE ha creado un blog para difundir la figura del corredor de seguros y temas de inter\u00e9s que ata\u00f1en...","og_url":"https:\/\/www.fundacionadecose.com\/gl\/fundacion-adecose-pone-en-marcha-su-blog-del-broker-para-acercar-la-labor-de-las-corredurias-de-seguros\/","og_site_name":"Fundaci\u00f3n Adecose","article_published_time":"2021-04-26T14:13:23+00:00","article_modified_time":"2021-04-26T15:18:13+00:00","og_image":[{"width":795,"height":501,"url":"https:\/\/www.fundacionadecose.com\/wp-content\/uploads\/2021\/04\/Blog-del-Broker-21-1.jpg","type":"image\/jpeg"}],"author":"Comunicaci\u00f3n ADECOSE","twitter_card":"summary_large_image","twitter_misc":{"Escrito por":"Comunicaci\u00f3n ADECOSE","Tempo de lectura":"2 minutos"},"schema":{"@context":"https:\/\/schema.org","@graph":[{"@type":"Article","@id":"https:\/\/www.fundacionadecose.com\/gl\/fundacion-adecose-pone-en-marcha-su-blog-del-broker-para-acercar-la-labor-de-las-corredurias-de-seguros\/#article","isPartOf":{"@id":"https:\/\/www.fundacionadecose.com\/gl\/fundacion-adecose-pone-en-marcha-su-blog-del-broker-para-acercar-la-labor-de-las-corredurias-de-seguros\/"},"author":{"name":"Comunicaci\u00f3n ADECOSE","@id":"https:\/\/www.fundacionadecose.com\/gl\/#\/schema\/person\/543929658b5f339807ced364e905c8e7"},"headline":"Fundaci\u00f3n ADECOSE pone en marcha su \u201cBlog del Broker\u201d para acercar la labor de las corredur\u00edas de seguros","datePublished":"2021-04-26T14:13:23+00:00","dateModified":"2021-04-26T15:18:13+00:00","mainEntityOfPage":{"@id":"https:\/\/www.fundacionadecose.com\/gl\/fundacion-adecose-pone-en-marcha-su-blog-del-broker-para-acercar-la-labor-de-las-corredurias-de-seguros\/"},"wordCount":386,"publisher":{"@id":"https:\/\/www.fundacionadecose.com\/gl\/#organization"},"image":{"@id":"https:\/\/www.fundacionadecose.com\/gl\/fundacion-adecose-pone-en-marcha-su-blog-del-broker-para-acercar-la-labor-de-las-corredurias-de-seguros\/#primaryimage"},"thumbnailUrl":"https:\/\/www.fundacionadecose.com\/wp-content\/uploads\/2021\/04\/Blog-del-Broker-21-1.jpg","articleSection":["Nota de prensa"],"inLanguage":"gl-ES"},{"@type":"WebPage","@id":"https:\/\/www.fundacionadecose.com\/gl\/fundacion-adecose-pone-en-marcha-su-blog-del-broker-para-acercar-la-labor-de-las-corredurias-de-seguros\/","url":"https:\/\/www.fundacionadecose.com\/gl\/fundacion-adecose-pone-en-marcha-su-blog-del-broker-para-acercar-la-labor-de-las-corredurias-de-seguros\/","name":"Fundaci\u00f3n ADECOSE pone en marcha su \u201cBlog del Broker\u201d para acercar la labor de las corredur\u00edas de seguros | Fundaci\u00f3n Adecose","isPartOf":{"@id":"https:\/\/www.fundacionadecose.com\/gl\/#website"},"primaryImageOfPage":{"@id":"https:\/\/www.fundacionadecose.com\/gl\/fundacion-adecose-pone-en-marcha-su-blog-del-broker-para-acercar-la-labor-de-las-corredurias-de-seguros\/#primaryimage"},"image":{"@id":"https:\/\/www.fundacionadecose.com\/gl\/fundacion-adecose-pone-en-marcha-su-blog-del-broker-para-acercar-la-labor-de-las-corredurias-de-seguros\/#primaryimage"},"thumbnailUrl":"https:\/\/www.fundacionadecose.com\/wp-content\/uploads\/2021\/04\/Blog-del-Broker-21-1.jpg","datePublished":"2021-04-26T14:13:23+00:00","dateModified":"2021-04-26T15:18:13+00:00","breadcrumb":{"@id":"https:\/\/www.fundacionadecose.com\/gl\/fundacion-adecose-pone-en-marcha-su-blog-del-broker-para-acercar-la-labor-de-las-corredurias-de-seguros\/#breadcrumb"},"inLanguage":"gl-ES","potentialAction":[{"@type":"ReadAction","target":["https:\/\/www.fundacionadecose.com\/gl\/fundacion-adecose-pone-en-marcha-su-blog-del-broker-para-acercar-la-labor-de-las-corredurias-de-seguros\/"]}]},{"@type":"ImageObject","inLanguage":"gl-ES","@id":"https:\/\/www.fundacionadecose.com\/gl\/fundacion-adecose-pone-en-marcha-su-blog-del-broker-para-acercar-la-labor-de-las-corredurias-de-seguros\/#primaryimage","url":"https:\/\/www.fundacionadecose.com\/wp-content\/uploads\/2021\/04\/Blog-del-Broker-21-1.jpg","contentUrl":"https:\/\/www.fundacionadecose.com\/wp-content\/uploads\/2021\/04\/Blog-del-Broker-21-1.jpg","width":795,"height":501},{"@type":"BreadcrumbList","@id":"https:\/\/www.fundacionadecose.com\/gl\/fundacion-adecose-pone-en-marcha-su-blog-del-broker-para-acercar-la-labor-de-las-corredurias-de-seguros\/#breadcrumb","itemListElement":[{"@type":"ListItem","position":1,"name":"Portada","item":"https:\/\/www.fundacionadecose.com\/gl\/"},{"@type":"ListItem","position":2,"name":"Fundaci\u00f3n ADECOSE pone en marcha su \u201cBlog del Broker\u201d para acercar la labor de las corredur\u00edas de seguros"}]},{"@type":"WebSite","@id":"https:\/\/www.fundacionadecose.com\/gl\/#website","url":"https:\/\/www.fundacionadecose.com\/gl\/","name":"Fundaci\u00f3n Adecose","description":"Donde comienzan los proyectos","publisher":{"@id":"https:\/\/www.fundacionadecose.com\/gl\/#organization"},"potentialAction":[{"@type":"SearchAction","target":{"@type":"EntryPoint","urlTemplate":"https:\/\/www.fundacionadecose.com\/gl\/?s={search_term_string}"},"query-input":{"@type":"PropertyValueSpecification","valueRequired":true,"valueName":"search_term_string"}}],"inLanguage":"gl-ES"},{"@type":"Organization","@id":"https:\/\/www.fundacionadecose.com\/gl\/#organization","name":"Fundaci\u00f3n ADECOSE","url":"https:\/\/www.fundacionadecose.com\/gl\/","logo":{"@type":"ImageObject","inLanguage":"gl-ES","@id":"https:\/\/www.fundacionadecose.com\/gl\/#\/schema\/logo\/image\/","url":"https:\/\/www.fundacionadecose.com\/wp-content\/uploads\/2021\/02\/logo-footer.png","contentUrl":"https:\/\/www.fundacionadecose.com\/wp-content\/uploads\/2021\/02\/logo-footer.png","width":309,"height":143,"caption":"Fundaci\u00f3n ADECOSE"},"image":{"@id":"https:\/\/www.fundacionadecose.com\/gl\/#\/schema\/logo\/image\/"}},{"@type":"Person","@id":"https:\/\/www.fundacionadecose.com\/gl\/#\/schema\/person\/543929658b5f339807ced364e905c8e7","name":"Comunicaci\u00f3n ADECOSE","image":{"@type":"ImageObject","inLanguage":"gl-ES","@id":"https:\/\/secure.gravatar.com\/avatar\/01cd1f9571997441bf1da6d1cc147351305f03fe8f2acf1ebbec60ebb26924ce?s=96&d=mm&r=g","url":"https:\/\/secure.gravatar.com\/avatar\/01cd1f9571997441bf1da6d1cc147351305f03fe8f2acf1ebbec60ebb26924ce?s=96&d=mm&r=g","contentUrl":"https:\/\/secure.gravatar.com\/avatar\/01cd1f9571997441bf1da6d1cc147351305f03fe8f2acf1ebbec60ebb26924ce?s=96&d=mm&r=g","caption":"Comunicaci\u00f3n ADECOSE"}}]}},"_links":{"self":[{"href":"https:\/\/www.fundacionadecose.com\/gl\/wp-json\/wp\/v2\/posts\/2566","targetHints":{"allow":["GET"]}}],"collection":[{"href":"https:\/\/www.fundacionadecose.com\/gl\/wp-json\/wp\/v2\/posts"}],"about":[{"href":"https:\/\/www.fundacionadecose.com\/gl\/wp-json\/wp\/v2\/types\/post"}],"author":[{"embeddable":true,"href":"https:\/\/www.fundacionadecose.com\/gl\/wp-json\/wp\/v2\/users\/186"}],"replies":[{"embeddable":true,"href":"https:\/\/www.fundacionadecose.com\/gl\/wp-json\/wp\/v2\/comments?post=2566"}],"version-history":[{"count":2,"href":"https:\/\/www.fundacionadecose.com\/gl\/wp-json\/wp\/v2\/posts\/2566\/revisions"}],"predecessor-version":[{"id":2586,"href":"https:\/\/www.fundacionadecose.com\/gl\/wp-json\/wp\/v2\/posts\/2566\/revisions\/2586"}],"wp:featuredmedia":[{"embeddable":true,"href":"https:\/\/www.fundacionadecose.com\/gl\/wp-json\/wp\/v2\/media\/2572"}],"wp:attachment":[{"href":"https:\/\/www.fundacionadecose.com\/gl\/wp-json\/wp\/v2\/media?parent=2566"}],"wp:term":[{"taxonomy":"category","embeddable":true,"href":"https:\/\/www.fundacionadecose.com\/gl\/wp-json\/wp\/v2\/categories?post=2566"},{"taxonomy":"post_tag","embeddable":true,"href":"https:\/\/www.fundacionadecose.com\/gl\/wp-json\/wp\/v2\/tags?post=2566"}],"curies":[{"name":"wp","href":"https:\/\/api.w.org\/{rel}","templated":true}]}}