{"id":4012,"date":"2022-10-06T08:16:43","date_gmt":"2022-10-06T08:16:43","guid":{"rendered":"https:\/\/www.fundacionadecose.com\/?p=4012"},"modified":"2022-11-03T09:57:58","modified_gmt":"2022-11-03T09:57:58","slug":"fundacion-adecose-organiza-dos-jornadas-de-formacion-en-madrid-y-barcelona-sobre-problemas-habituales-en-la-peritacion-de-siniestros-industriales","status":"publish","type":"post","link":"https:\/\/www.fundacionadecose.com\/gl\/fundacion-adecose-organiza-dos-jornadas-de-formacion-en-madrid-y-barcelona-sobre-problemas-habituales-en-la-peritacion-de-siniestros-industriales\/","title":{"rendered":"Fundaci\u00f3n ADECOSE organiza dos jornadas de formaci\u00f3n en Madrid y Barcelona sobre problemas habituales en la peritaci\u00f3n de siniestros industriales"},"content":{"rendered":"[vc_row type=&#8221;in_container&#8221; full_screen_row_position=&#8221;middle&#8221; column_margin=&#8221;default&#8221; column_direction=&#8221;default&#8221; column_direction_tablet=&#8221;default&#8221; column_direction_phone=&#8221;default&#8221; scene_position=&#8221;center&#8221; text_color=&#8221;dark&#8221; text_align=&#8221;left&#8221; row_border_radius=&#8221;none&#8221; row_border_radius_applies=&#8221;bg&#8221; overflow=&#8221;visible&#8221; overlay_strength=&#8221;0.3&#8243; gradient_direction=&#8221;left_to_right&#8221; shape_divider_position=&#8221;bottom&#8221; bg_image_animation=&#8221;none&#8221;][vc_column column_padding=&#8221;no-extra-padding&#8221; column_padding_tablet=&#8221;inherit&#8221; column_padding_phone=&#8221;inherit&#8221; column_padding_position=&#8221;all&#8221; column_element_spacing=&#8221;default&#8221; background_color_opacity=&#8221;1&#8243; background_hover_color_opacity=&#8221;1&#8243; column_shadow=&#8221;none&#8221; column_border_radius=&#8221;none&#8221; column_link_target=&#8221;_self&#8221; column_position=&#8221;default&#8221; gradient_direction=&#8221;left_to_right&#8221; overlay_strength=&#8221;0.3&#8243; width=&#8221;1\/1&#8243; tablet_width_inherit=&#8221;default&#8221; tablet_text_alignment=&#8221;default&#8221; phone_text_alignment=&#8221;default&#8221; animation_type=&#8221;default&#8221; bg_image_animation=&#8221;none&#8221; border_type=&#8221;simple&#8221; column_border_width=&#8221;none&#8221; column_border_style=&#8221;solid&#8221;][vc_column_text]\n<ul>\n<li><em>Los socios de ADECOSE han recibido cuatro horas de formaci\u00f3n continua sobre problemas habituales en la peritaci\u00f3n de siniestros industriales de da\u00f1os.<\/em><\/li>\n<li><em>Han contado con la intervenci\u00f3n Fernando Blanco Giraldo,\u00a0socio director de Blanco &amp; Abogados Asociados; y Fernando Blanco Gamella, abogado del mismo despacho. Tambi\u00e9n han participado Ricardo Navas, socio director de Pluvia Risks; e Ignacio Hern\u00e1ndez, especialista en Seguros, Siniestros industriales y P\u00e9rdida de Beneficios de Pluvia Risks.<\/em><\/li>\n<\/ul>\n<p style=\"font-weight: 400;\">Fundaci\u00f3n ADECOSE ha celebrado dos jornadas de formaci\u00f3n sobre problemas habituales en la peritaci\u00f3n de siniestros industriales de da\u00f1os y responsabilidad civil, en la que han participado 250 socios. Las sesiones han tenido lugar de forma presencial en Barcelona y Madrid, y \u00e9sta \u00faltima ha sido retransmitida tambi\u00e9n de forma virtual.<\/p>\n<p style=\"font-weight: 400;\">Con el objetivo de ofrecer jornadas de\u00a0formaci\u00f3n continua que contribuyan a cumplir con la normativa de formaci\u00f3n en mediaci\u00f3n de seguros, Fundaci\u00f3n ADECOSE ha organizado dos sesiones de gran utilidad pr\u00e1ctica donde los socios han podido esclarecer dudas tanto jur\u00eddicas c\u00f3mo pr\u00e1cticas sobre problem\u00e1ticas habituales que concurren en la peritaci\u00f3n de siniestros industriales de Da\u00f1os y de Responsabilidad Civil desde el punto de vista del asegurado y el corredor.<\/p>\n<p style=\"font-weight: 400;\">Las jornadas, de car\u00e1cter gratuito para los socios de ADECOSE, han tenido una duraci\u00f3n de cuatro horas y han contado con la intervenci\u00f3n del colaborador habitual de ADECOSE, Fernando Blanco Giraldo,\u00a0socio director de Blanco &amp; Abogados Asociados, quien ha estado acompa\u00f1ado por un abogado del mismo despacho, Fernando Blanco Gamella. Tambi\u00e9n han participado Ricardo Navas, socio director de Pluvia Risks; e Ignacio Hern\u00e1ndez, especialista en Seguros, Siniestros industriales y P\u00e9rdida de Beneficios de Pluvia Risks, quienes han analizado las causas y da\u00f1os en los siniestros, as\u00ed como las controversias habituales que son motivo de conflicto en las peritaciones.<\/p>\n[\/vc_column_text][\/vc_column][\/vc_row]\n","protected":false},"excerpt":{"rendered":"<p>[vc_row type=&#8221;in_container&#8221; full_screen_row_position=&#8221;middle&#8221; column_margin=&#8221;default&#8221; column_direction=&#8221;default&#8221; column_direction_tablet=&#8221;default&#8221; column_direction_phone=&#8221;default&#8221; scene_position=&#8221;center&#8221; text_color=&#8221;dark&#8221; text_align=&#8221;left&#8221; row_border_radius=&#8221;none&#8221; row_border_radius_applies=&#8221;bg&#8221; overflow=&#8221;visible&#8221; overlay_strength=&#8221;0.3&#8243; gradient_direction=&#8221;left_to_right&#8221; shape_divider_position=&#8221;bottom&#8221; bg_image_animation=&#8221;none&#8221;][vc_column column_padding=&#8221;no-extra-padding&#8221; column_padding_tablet=&#8221;inherit&#8221; column_padding_phone=&#8221;inherit&#8221; column_padding_position=&#8221;all&#8221; column_element_spacing=&#8221;default&#8221; background_color_opacity=&#8221;1&#8243; background_hover_color_opacity=&#8221;1&#8243; column_shadow=&#8221;none&#8221; column_border_radius=&#8221;none&#8221; column_link_target=&#8221;_self&#8221; column_position=&#8221;default&#8221; gradient_direction=&#8221;left_to_right&#8221; overlay_strength=&#8221;0.3&#8243;&#8230;<\/p>\n","protected":false},"author":186,"featured_media":4013,"comment_status":"closed","ping_status":"open","sticky":false,"template":"","format":"standard","meta":{"footnotes":""},"categories":[5],"tags":[15],"class_list":{"0":"post-4012","1":"post","2":"type-post","3":"status-publish","4":"format-standard","5":"has-post-thumbnail","7":"category-notas-de-prensa","8":"tag-formacion"},"yoast_head":"<!-- This site is optimized with the Yoast SEO plugin v27.2 - https:\/\/yoast.com\/product\/yoast-seo-wordpress\/ -->\n<title>Fundaci\u00f3n ADECOSE organiza dos jornadas de formaci\u00f3n en Madrid y Barcelona sobre problemas habituales en la peritaci\u00f3n de siniestros industriales | Fundaci\u00f3n Adecose<\/title>\n<meta name=\"robots\" content=\"index, follow, max-snippet:-1, max-image-preview:large, max-video-preview:-1\" \/>\n<link rel=\"canonical\" href=\"https:\/\/www.fundacionadecose.com\/gl\/fundacion-adecose-organiza-dos-jornadas-de-formacion-en-madrid-y-barcelona-sobre-problemas-habituales-en-la-peritacion-de-siniestros-industriales\/\" \/>\n<meta property=\"og:locale\" content=\"gl_ES\" \/>\n<meta property=\"og:type\" content=\"article\" \/>\n<meta property=\"og:title\" content=\"Fundaci\u00f3n ADECOSE organiza dos jornadas de formaci\u00f3n en Madrid y Barcelona sobre problemas habituales en la peritaci\u00f3n de siniestros industriales | Fundaci\u00f3n Adecose\" \/>\n<meta property=\"og:description\" content=\"[vc_row type=&#8221;in_container&#8221; full_screen_row_position=&#8221;middle&#8221; column_margin=&#8221;default&#8221; column_direction=&#8221;default&#8221; column_direction_tablet=&#8221;default&#8221; column_direction_phone=&#8221;default&#8221; scene_position=&#8221;center&#8221; text_color=&#8221;dark&#8221; text_align=&#8221;left&#8221; row_border_radius=&#8221;none&#8221; row_border_radius_applies=&#8221;bg&#8221; overflow=&#8221;visible&#8221; overlay_strength=&#8221;0.3&#8243; gradient_direction=&#8221;left_to_right&#8221; shape_divider_position=&#8221;bottom&#8221; bg_image_animation=&#8221;none&#8221;][vc_column column_padding=&#8221;no-extra-padding&#8221; column_padding_tablet=&#8221;inherit&#8221; column_padding_phone=&#8221;inherit&#8221; column_padding_position=&#8221;all&#8221; column_element_spacing=&#8221;default&#8221; background_color_opacity=&#8221;1&#8243; background_hover_color_opacity=&#8221;1&#8243; column_shadow=&#8221;none&#8221; column_border_radius=&#8221;none&#8221; column_link_target=&#8221;_self&#8221; column_position=&#8221;default&#8221; gradient_direction=&#8221;left_to_right&#8221; overlay_strength=&#8221;0.3&#8243;...\" \/>\n<meta property=\"og:url\" content=\"https:\/\/www.fundacionadecose.com\/gl\/fundacion-adecose-organiza-dos-jornadas-de-formacion-en-madrid-y-barcelona-sobre-problemas-habituales-en-la-peritacion-de-siniestros-industriales\/\" \/>\n<meta property=\"og:site_name\" content=\"Fundaci\u00f3n Adecose\" \/>\n<meta property=\"article:published_time\" content=\"2022-10-06T08:16:43+00:00\" \/>\n<meta property=\"article:modified_time\" content=\"2022-11-03T09:57:58+00:00\" \/>\n<meta property=\"og:image\" content=\"https:\/\/www.fundacionadecose.com\/wp-content\/uploads\/2022\/10\/Captura-de-Pantalla-2022-10-06-a-las-10.16.02.png\" \/>\n\t<meta property=\"og:image:width\" content=\"588\" \/>\n\t<meta property=\"og:image:height\" content=\"394\" \/>\n\t<meta property=\"og:image:type\" content=\"image\/png\" \/>\n<meta name=\"author\" content=\"Comunicaci\u00f3n ADECOSE\" \/>\n<meta name=\"twitter:card\" content=\"summary_large_image\" \/>\n<meta name=\"twitter:label1\" content=\"Escrito por\" \/>\n\t<meta name=\"twitter:data1\" content=\"Comunicaci\u00f3n ADECOSE\" \/>\n\t<meta name=\"twitter:label2\" content=\"Tempo de lectura\" \/>\n\t<meta name=\"twitter:data2\" content=\"2 minutos\" \/>\n<script type=\"application\/ld+json\" class=\"yoast-schema-graph\">{\"@context\":\"https:\/\/schema.org\",\"@graph\":[{\"@type\":\"Article\",\"@id\":\"https:\/\/www.fundacionadecose.com\/gl\/fundacion-adecose-organiza-dos-jornadas-de-formacion-en-madrid-y-barcelona-sobre-problemas-habituales-en-la-peritacion-de-siniestros-industriales\/#article\",\"isPartOf\":{\"@id\":\"https:\/\/www.fundacionadecose.com\/gl\/fundacion-adecose-organiza-dos-jornadas-de-formacion-en-madrid-y-barcelona-sobre-problemas-habituales-en-la-peritacion-de-siniestros-industriales\/\"},\"author\":{\"name\":\"Comunicaci\u00f3n ADECOSE\",\"@id\":\"https:\/\/www.fundacionadecose.com\/gl\/#\/schema\/person\/543929658b5f339807ced364e905c8e7\"},\"headline\":\"Fundaci\u00f3n ADECOSE organiza dos jornadas de formaci\u00f3n en Madrid y Barcelona sobre problemas habituales en la peritaci\u00f3n de siniestros industriales\",\"datePublished\":\"2022-10-06T08:16:43+00:00\",\"dateModified\":\"2022-11-03T09:57:58+00:00\",\"mainEntityOfPage\":{\"@id\":\"https:\/\/www.fundacionadecose.com\/gl\/fundacion-adecose-organiza-dos-jornadas-de-formacion-en-madrid-y-barcelona-sobre-problemas-habituales-en-la-peritacion-de-siniestros-industriales\/\"},\"wordCount\":492,\"publisher\":{\"@id\":\"https:\/\/www.fundacionadecose.com\/gl\/#organization\"},\"image\":{\"@id\":\"https:\/\/www.fundacionadecose.com\/gl\/fundacion-adecose-organiza-dos-jornadas-de-formacion-en-madrid-y-barcelona-sobre-problemas-habituales-en-la-peritacion-de-siniestros-industriales\/#primaryimage\"},\"thumbnailUrl\":\"https:\/\/www.fundacionadecose.com\/wp-content\/uploads\/2022\/10\/Captura-de-Pantalla-2022-10-06-a-las-10.16.02.png\",\"keywords\":[\"Formaci\u00f3n\"],\"articleSection\":[\"Nota de prensa\"],\"inLanguage\":\"gl-ES\"},{\"@type\":\"WebPage\",\"@id\":\"https:\/\/www.fundacionadecose.com\/gl\/fundacion-adecose-organiza-dos-jornadas-de-formacion-en-madrid-y-barcelona-sobre-problemas-habituales-en-la-peritacion-de-siniestros-industriales\/\",\"url\":\"https:\/\/www.fundacionadecose.com\/gl\/fundacion-adecose-organiza-dos-jornadas-de-formacion-en-madrid-y-barcelona-sobre-problemas-habituales-en-la-peritacion-de-siniestros-industriales\/\",\"name\":\"Fundaci\u00f3n ADECOSE organiza dos jornadas de formaci\u00f3n en Madrid y Barcelona sobre problemas habituales en la peritaci\u00f3n de siniestros industriales | Fundaci\u00f3n Adecose\",\"isPartOf\":{\"@id\":\"https:\/\/www.fundacionadecose.com\/gl\/#website\"},\"primaryImageOfPage\":{\"@id\":\"https:\/\/www.fundacionadecose.com\/gl\/fundacion-adecose-organiza-dos-jornadas-de-formacion-en-madrid-y-barcelona-sobre-problemas-habituales-en-la-peritacion-de-siniestros-industriales\/#primaryimage\"},\"image\":{\"@id\":\"https:\/\/www.fundacionadecose.com\/gl\/fundacion-adecose-organiza-dos-jornadas-de-formacion-en-madrid-y-barcelona-sobre-problemas-habituales-en-la-peritacion-de-siniestros-industriales\/#primaryimage\"},\"thumbnailUrl\":\"https:\/\/www.fundacionadecose.com\/wp-content\/uploads\/2022\/10\/Captura-de-Pantalla-2022-10-06-a-las-10.16.02.png\",\"datePublished\":\"2022-10-06T08:16:43+00:00\",\"dateModified\":\"2022-11-03T09:57:58+00:00\",\"breadcrumb\":{\"@id\":\"https:\/\/www.fundacionadecose.com\/gl\/fundacion-adecose-organiza-dos-jornadas-de-formacion-en-madrid-y-barcelona-sobre-problemas-habituales-en-la-peritacion-de-siniestros-industriales\/#breadcrumb\"},\"inLanguage\":\"gl-ES\",\"potentialAction\":[{\"@type\":\"ReadAction\",\"target\":[\"https:\/\/www.fundacionadecose.com\/gl\/fundacion-adecose-organiza-dos-jornadas-de-formacion-en-madrid-y-barcelona-sobre-problemas-habituales-en-la-peritacion-de-siniestros-industriales\/\"]}]},{\"@type\":\"ImageObject\",\"inLanguage\":\"gl-ES\",\"@id\":\"https:\/\/www.fundacionadecose.com\/gl\/fundacion-adecose-organiza-dos-jornadas-de-formacion-en-madrid-y-barcelona-sobre-problemas-habituales-en-la-peritacion-de-siniestros-industriales\/#primaryimage\",\"url\":\"https:\/\/www.fundacionadecose.com\/wp-content\/uploads\/2022\/10\/Captura-de-Pantalla-2022-10-06-a-las-10.16.02.png\",\"contentUrl\":\"https:\/\/www.fundacionadecose.com\/wp-content\/uploads\/2022\/10\/Captura-de-Pantalla-2022-10-06-a-las-10.16.02.png\",\"width\":588,\"height\":394},{\"@type\":\"BreadcrumbList\",\"@id\":\"https:\/\/www.fundacionadecose.com\/gl\/fundacion-adecose-organiza-dos-jornadas-de-formacion-en-madrid-y-barcelona-sobre-problemas-habituales-en-la-peritacion-de-siniestros-industriales\/#breadcrumb\",\"itemListElement\":[{\"@type\":\"ListItem\",\"position\":1,\"name\":\"Portada\",\"item\":\"https:\/\/www.fundacionadecose.com\/gl\/\"},{\"@type\":\"ListItem\",\"position\":2,\"name\":\"Fundaci\u00f3n ADECOSE organiza dos jornadas de formaci\u00f3n en Madrid y Barcelona sobre problemas habituales en la peritaci\u00f3n de siniestros industriales\"}]},{\"@type\":\"WebSite\",\"@id\":\"https:\/\/www.fundacionadecose.com\/gl\/#website\",\"url\":\"https:\/\/www.fundacionadecose.com\/gl\/\",\"name\":\"Fundaci\u00f3n Adecose\",\"description\":\"Donde comienzan los proyectos\",\"publisher\":{\"@id\":\"https:\/\/www.fundacionadecose.com\/gl\/#organization\"},\"potentialAction\":[{\"@type\":\"SearchAction\",\"target\":{\"@type\":\"EntryPoint\",\"urlTemplate\":\"https:\/\/www.fundacionadecose.com\/gl\/?s={search_term_string}\"},\"query-input\":{\"@type\":\"PropertyValueSpecification\",\"valueRequired\":true,\"valueName\":\"search_term_string\"}}],\"inLanguage\":\"gl-ES\"},{\"@type\":\"Organization\",\"@id\":\"https:\/\/www.fundacionadecose.com\/gl\/#organization\",\"name\":\"Fundaci\u00f3n ADECOSE\",\"url\":\"https:\/\/www.fundacionadecose.com\/gl\/\",\"logo\":{\"@type\":\"ImageObject\",\"inLanguage\":\"gl-ES\",\"@id\":\"https:\/\/www.fundacionadecose.com\/gl\/#\/schema\/logo\/image\/\",\"url\":\"https:\/\/www.fundacionadecose.com\/wp-content\/uploads\/2021\/02\/logo-footer.png\",\"contentUrl\":\"https:\/\/www.fundacionadecose.com\/wp-content\/uploads\/2021\/02\/logo-footer.png\",\"width\":309,\"height\":143,\"caption\":\"Fundaci\u00f3n ADECOSE\"},\"image\":{\"@id\":\"https:\/\/www.fundacionadecose.com\/gl\/#\/schema\/logo\/image\/\"}},{\"@type\":\"Person\",\"@id\":\"https:\/\/www.fundacionadecose.com\/gl\/#\/schema\/person\/543929658b5f339807ced364e905c8e7\",\"name\":\"Comunicaci\u00f3n ADECOSE\",\"image\":{\"@type\":\"ImageObject\",\"inLanguage\":\"gl-ES\",\"@id\":\"https:\/\/secure.gravatar.com\/avatar\/01cd1f9571997441bf1da6d1cc147351305f03fe8f2acf1ebbec60ebb26924ce?s=96&d=mm&r=g\",\"url\":\"https:\/\/secure.gravatar.com\/avatar\/01cd1f9571997441bf1da6d1cc147351305f03fe8f2acf1ebbec60ebb26924ce?s=96&d=mm&r=g\",\"contentUrl\":\"https:\/\/secure.gravatar.com\/avatar\/01cd1f9571997441bf1da6d1cc147351305f03fe8f2acf1ebbec60ebb26924ce?s=96&d=mm&r=g\",\"caption\":\"Comunicaci\u00f3n ADECOSE\"}}]}<\/script>\n<!-- \/ Yoast SEO plugin. -->","yoast_head_json":{"title":"Fundaci\u00f3n ADECOSE organiza dos jornadas de formaci\u00f3n en Madrid y Barcelona sobre problemas habituales en la peritaci\u00f3n de siniestros industriales | Fundaci\u00f3n Adecose","robots":{"index":"index","follow":"follow","max-snippet":"max-snippet:-1","max-image-preview":"max-image-preview:large","max-video-preview":"max-video-preview:-1"},"canonical":"https:\/\/www.fundacionadecose.com\/gl\/fundacion-adecose-organiza-dos-jornadas-de-formacion-en-madrid-y-barcelona-sobre-problemas-habituales-en-la-peritacion-de-siniestros-industriales\/","og_locale":"gl_ES","og_type":"article","og_title":"Fundaci\u00f3n ADECOSE organiza dos jornadas de formaci\u00f3n en Madrid y Barcelona sobre problemas habituales en la peritaci\u00f3n de siniestros industriales | Fundaci\u00f3n Adecose","og_description":"[vc_row type=&#8221;in_container&#8221; full_screen_row_position=&#8221;middle&#8221; column_margin=&#8221;default&#8221; column_direction=&#8221;default&#8221; column_direction_tablet=&#8221;default&#8221; column_direction_phone=&#8221;default&#8221; scene_position=&#8221;center&#8221; text_color=&#8221;dark&#8221; text_align=&#8221;left&#8221; row_border_radius=&#8221;none&#8221; row_border_radius_applies=&#8221;bg&#8221; overflow=&#8221;visible&#8221; overlay_strength=&#8221;0.3&#8243; gradient_direction=&#8221;left_to_right&#8221; shape_divider_position=&#8221;bottom&#8221; bg_image_animation=&#8221;none&#8221;][vc_column column_padding=&#8221;no-extra-padding&#8221; column_padding_tablet=&#8221;inherit&#8221; column_padding_phone=&#8221;inherit&#8221; column_padding_position=&#8221;all&#8221; column_element_spacing=&#8221;default&#8221; background_color_opacity=&#8221;1&#8243; background_hover_color_opacity=&#8221;1&#8243; column_shadow=&#8221;none&#8221; column_border_radius=&#8221;none&#8221; column_link_target=&#8221;_self&#8221; column_position=&#8221;default&#8221; gradient_direction=&#8221;left_to_right&#8221; overlay_strength=&#8221;0.3&#8243;...","og_url":"https:\/\/www.fundacionadecose.com\/gl\/fundacion-adecose-organiza-dos-jornadas-de-formacion-en-madrid-y-barcelona-sobre-problemas-habituales-en-la-peritacion-de-siniestros-industriales\/","og_site_name":"Fundaci\u00f3n Adecose","article_published_time":"2022-10-06T08:16:43+00:00","article_modified_time":"2022-11-03T09:57:58+00:00","og_image":[{"width":588,"height":394,"url":"https:\/\/www.fundacionadecose.com\/wp-content\/uploads\/2022\/10\/Captura-de-Pantalla-2022-10-06-a-las-10.16.02.png","type":"image\/png"}],"author":"Comunicaci\u00f3n ADECOSE","twitter_card":"summary_large_image","twitter_misc":{"Escrito por":"Comunicaci\u00f3n ADECOSE","Tempo de lectura":"2 minutos"},"schema":{"@context":"https:\/\/schema.org","@graph":[{"@type":"Article","@id":"https:\/\/www.fundacionadecose.com\/gl\/fundacion-adecose-organiza-dos-jornadas-de-formacion-en-madrid-y-barcelona-sobre-problemas-habituales-en-la-peritacion-de-siniestros-industriales\/#article","isPartOf":{"@id":"https:\/\/www.fundacionadecose.com\/gl\/fundacion-adecose-organiza-dos-jornadas-de-formacion-en-madrid-y-barcelona-sobre-problemas-habituales-en-la-peritacion-de-siniestros-industriales\/"},"author":{"name":"Comunicaci\u00f3n ADECOSE","@id":"https:\/\/www.fundacionadecose.com\/gl\/#\/schema\/person\/543929658b5f339807ced364e905c8e7"},"headline":"Fundaci\u00f3n ADECOSE organiza dos jornadas de formaci\u00f3n en Madrid y Barcelona sobre problemas habituales en la peritaci\u00f3n de siniestros industriales","datePublished":"2022-10-06T08:16:43+00:00","dateModified":"2022-11-03T09:57:58+00:00","mainEntityOfPage":{"@id":"https:\/\/www.fundacionadecose.com\/gl\/fundacion-adecose-organiza-dos-jornadas-de-formacion-en-madrid-y-barcelona-sobre-problemas-habituales-en-la-peritacion-de-siniestros-industriales\/"},"wordCount":492,"publisher":{"@id":"https:\/\/www.fundacionadecose.com\/gl\/#organization"},"image":{"@id":"https:\/\/www.fundacionadecose.com\/gl\/fundacion-adecose-organiza-dos-jornadas-de-formacion-en-madrid-y-barcelona-sobre-problemas-habituales-en-la-peritacion-de-siniestros-industriales\/#primaryimage"},"thumbnailUrl":"https:\/\/www.fundacionadecose.com\/wp-content\/uploads\/2022\/10\/Captura-de-Pantalla-2022-10-06-a-las-10.16.02.png","keywords":["Formaci\u00f3n"],"articleSection":["Nota de prensa"],"inLanguage":"gl-ES"},{"@type":"WebPage","@id":"https:\/\/www.fundacionadecose.com\/gl\/fundacion-adecose-organiza-dos-jornadas-de-formacion-en-madrid-y-barcelona-sobre-problemas-habituales-en-la-peritacion-de-siniestros-industriales\/","url":"https:\/\/www.fundacionadecose.com\/gl\/fundacion-adecose-organiza-dos-jornadas-de-formacion-en-madrid-y-barcelona-sobre-problemas-habituales-en-la-peritacion-de-siniestros-industriales\/","name":"Fundaci\u00f3n ADECOSE organiza dos jornadas de formaci\u00f3n en Madrid y Barcelona sobre problemas habituales en la peritaci\u00f3n de siniestros industriales | Fundaci\u00f3n Adecose","isPartOf":{"@id":"https:\/\/www.fundacionadecose.com\/gl\/#website"},"primaryImageOfPage":{"@id":"https:\/\/www.fundacionadecose.com\/gl\/fundacion-adecose-organiza-dos-jornadas-de-formacion-en-madrid-y-barcelona-sobre-problemas-habituales-en-la-peritacion-de-siniestros-industriales\/#primaryimage"},"image":{"@id":"https:\/\/www.fundacionadecose.com\/gl\/fundacion-adecose-organiza-dos-jornadas-de-formacion-en-madrid-y-barcelona-sobre-problemas-habituales-en-la-peritacion-de-siniestros-industriales\/#primaryimage"},"thumbnailUrl":"https:\/\/www.fundacionadecose.com\/wp-content\/uploads\/2022\/10\/Captura-de-Pantalla-2022-10-06-a-las-10.16.02.png","datePublished":"2022-10-06T08:16:43+00:00","dateModified":"2022-11-03T09:57:58+00:00","breadcrumb":{"@id":"https:\/\/www.fundacionadecose.com\/gl\/fundacion-adecose-organiza-dos-jornadas-de-formacion-en-madrid-y-barcelona-sobre-problemas-habituales-en-la-peritacion-de-siniestros-industriales\/#breadcrumb"},"inLanguage":"gl-ES","potentialAction":[{"@type":"ReadAction","target":["https:\/\/www.fundacionadecose.com\/gl\/fundacion-adecose-organiza-dos-jornadas-de-formacion-en-madrid-y-barcelona-sobre-problemas-habituales-en-la-peritacion-de-siniestros-industriales\/"]}]},{"@type":"ImageObject","inLanguage":"gl-ES","@id":"https:\/\/www.fundacionadecose.com\/gl\/fundacion-adecose-organiza-dos-jornadas-de-formacion-en-madrid-y-barcelona-sobre-problemas-habituales-en-la-peritacion-de-siniestros-industriales\/#primaryimage","url":"https:\/\/www.fundacionadecose.com\/wp-content\/uploads\/2022\/10\/Captura-de-Pantalla-2022-10-06-a-las-10.16.02.png","contentUrl":"https:\/\/www.fundacionadecose.com\/wp-content\/uploads\/2022\/10\/Captura-de-Pantalla-2022-10-06-a-las-10.16.02.png","width":588,"height":394},{"@type":"BreadcrumbList","@id":"https:\/\/www.fundacionadecose.com\/gl\/fundacion-adecose-organiza-dos-jornadas-de-formacion-en-madrid-y-barcelona-sobre-problemas-habituales-en-la-peritacion-de-siniestros-industriales\/#breadcrumb","itemListElement":[{"@type":"ListItem","position":1,"name":"Portada","item":"https:\/\/www.fundacionadecose.com\/gl\/"},{"@type":"ListItem","position":2,"name":"Fundaci\u00f3n ADECOSE organiza dos jornadas de formaci\u00f3n en Madrid y Barcelona sobre problemas habituales en la peritaci\u00f3n de siniestros industriales"}]},{"@type":"WebSite","@id":"https:\/\/www.fundacionadecose.com\/gl\/#website","url":"https:\/\/www.fundacionadecose.com\/gl\/","name":"Fundaci\u00f3n Adecose","description":"Donde comienzan los proyectos","publisher":{"@id":"https:\/\/www.fundacionadecose.com\/gl\/#organization"},"potentialAction":[{"@type":"SearchAction","target":{"@type":"EntryPoint","urlTemplate":"https:\/\/www.fundacionadecose.com\/gl\/?s={search_term_string}"},"query-input":{"@type":"PropertyValueSpecification","valueRequired":true,"valueName":"search_term_string"}}],"inLanguage":"gl-ES"},{"@type":"Organization","@id":"https:\/\/www.fundacionadecose.com\/gl\/#organization","name":"Fundaci\u00f3n ADECOSE","url":"https:\/\/www.fundacionadecose.com\/gl\/","logo":{"@type":"ImageObject","inLanguage":"gl-ES","@id":"https:\/\/www.fundacionadecose.com\/gl\/#\/schema\/logo\/image\/","url":"https:\/\/www.fundacionadecose.com\/wp-content\/uploads\/2021\/02\/logo-footer.png","contentUrl":"https:\/\/www.fundacionadecose.com\/wp-content\/uploads\/2021\/02\/logo-footer.png","width":309,"height":143,"caption":"Fundaci\u00f3n ADECOSE"},"image":{"@id":"https:\/\/www.fundacionadecose.com\/gl\/#\/schema\/logo\/image\/"}},{"@type":"Person","@id":"https:\/\/www.fundacionadecose.com\/gl\/#\/schema\/person\/543929658b5f339807ced364e905c8e7","name":"Comunicaci\u00f3n ADECOSE","image":{"@type":"ImageObject","inLanguage":"gl-ES","@id":"https:\/\/secure.gravatar.com\/avatar\/01cd1f9571997441bf1da6d1cc147351305f03fe8f2acf1ebbec60ebb26924ce?s=96&d=mm&r=g","url":"https:\/\/secure.gravatar.com\/avatar\/01cd1f9571997441bf1da6d1cc147351305f03fe8f2acf1ebbec60ebb26924ce?s=96&d=mm&r=g","contentUrl":"https:\/\/secure.gravatar.com\/avatar\/01cd1f9571997441bf1da6d1cc147351305f03fe8f2acf1ebbec60ebb26924ce?s=96&d=mm&r=g","caption":"Comunicaci\u00f3n ADECOSE"}}]}},"_links":{"self":[{"href":"https:\/\/www.fundacionadecose.com\/gl\/wp-json\/wp\/v2\/posts\/4012","targetHints":{"allow":["GET"]}}],"collection":[{"href":"https:\/\/www.fundacionadecose.com\/gl\/wp-json\/wp\/v2\/posts"}],"about":[{"href":"https:\/\/www.fundacionadecose.com\/gl\/wp-json\/wp\/v2\/types\/post"}],"author":[{"embeddable":true,"href":"https:\/\/www.fundacionadecose.com\/gl\/wp-json\/wp\/v2\/users\/186"}],"replies":[{"embeddable":true,"href":"https:\/\/www.fundacionadecose.com\/gl\/wp-json\/wp\/v2\/comments?post=4012"}],"version-history":[{"count":1,"href":"https:\/\/www.fundacionadecose.com\/gl\/wp-json\/wp\/v2\/posts\/4012\/revisions"}],"predecessor-version":[{"id":4018,"href":"https:\/\/www.fundacionadecose.com\/gl\/wp-json\/wp\/v2\/posts\/4012\/revisions\/4018"}],"wp:featuredmedia":[{"embeddable":true,"href":"https:\/\/www.fundacionadecose.com\/gl\/wp-json\/wp\/v2\/media\/4013"}],"wp:attachment":[{"href":"https:\/\/www.fundacionadecose.com\/gl\/wp-json\/wp\/v2\/media?parent=4012"}],"wp:term":[{"taxonomy":"category","embeddable":true,"href":"https:\/\/www.fundacionadecose.com\/gl\/wp-json\/wp\/v2\/categories?post=4012"},{"taxonomy":"post_tag","embeddable":true,"href":"https:\/\/www.fundacionadecose.com\/gl\/wp-json\/wp\/v2\/tags?post=4012"}],"curies":[{"name":"wp","href":"https:\/\/api.w.org\/{rel}","templated":true}]}}